{"id":3198,"date":"2017-05-30T19:38:50","date_gmt":"2017-05-30T19:38:50","guid":{"rendered":"http:\/\/www.schuetzen-radfeld.at\/?p=3198"},"modified":"2017-06-01T13:32:24","modified_gmt":"2017-06-01T13:32:24","slug":"30-05-2017-maiandacht-herz-jesu-in-der-au","status":"publish","type":"post","link":"http:\/\/www.schuetzen-radfeld.at\/?p=3198","title":{"rendered":"30.05.2017 Maiandacht &#8222;Herz-Jesu in der Au&#8220;"},"content":{"rendered":"<p><!--more--><\/p>\n<p>Heute trafen wir uns bei der&nbsp;<span style=\"color: #008000;\"><strong>Sch\u00fctzenkapelle Herz-Jesu in der Au<\/strong><\/span>, zur&nbsp;Maiandacht.<\/p>\n<p>Diakon Franz Margreiter sprach die Gebete und Leutnant Fred Stock trug die Lesung vor.<\/p>\n<p>F\u00fcr das leibliche Wohl sorgte Obmann Erich H\u00f6lzl, Ehrenobmann Franz Prantl, Kassier Harald Zwischenberger und F\u00e4hnrich Reinhold Winkler.<\/p>\n<h1><span style=\"color: #008000;\">DANKE<\/span><\/h1>\nngg_shortcode_0_placeholder\n","protected":false},"excerpt":{"rendered":"","protected":false},"author":2,"featured_media":0,"comment_status":"closed","ping_status":"closed","sticky":false,"template":"","format":"standard","meta":{"neve_meta_sidebar":"","neve_meta_container":"","neve_meta_enable_content_width":"","neve_meta_content_width":0,"neve_meta_title_alignment":"","neve_meta_author_avatar":"","neve_post_elements_order":"","neve_meta_disable_header":"","neve_meta_disable_footer":"","neve_meta_disable_title":"","ngg_post_thumbnail":0,"footnotes":""},"categories":[33],"tags":[],"class_list":["post-3198","post","type-post","status-publish","format-standard","hentry","category-archiv-2017"],"_links":{"self":[{"href":"http:\/\/www.schuetzen-radfeld.at\/index.php?rest_route=\/wp\/v2\/posts\/3198","targetHints":{"allow":["GET"]}}],"collection":[{"href":"http:\/\/www.schuetzen-radfeld.at\/index.php?rest_route=\/wp\/v2\/posts"}],"about":[{"href":"http:\/\/www.schuetzen-radfeld.at\/index.php?rest_route=\/wp\/v2\/types\/post"}],"author":[{"embeddable":true,"href":"http:\/\/www.schuetzen-radfeld.at\/index.php?rest_route=\/wp\/v2\/users\/2"}],"replies":[{"embeddable":true,"href":"http:\/\/www.schuetzen-radfeld.at\/index.php?rest_route=%2Fwp%2Fv2%2Fcomments&post=3198"}],"version-history":[{"count":9,"href":"http:\/\/www.schuetzen-radfeld.at\/index.php?rest_route=\/wp\/v2\/posts\/3198\/revisions"}],"predecessor-version":[{"id":3209,"href":"http:\/\/www.schuetzen-radfeld.at\/index.php?rest_route=\/wp\/v2\/posts\/3198\/revisions\/3209"}],"wp:attachment":[{"href":"http:\/\/www.schuetzen-radfeld.at\/index.php?rest_route=%2Fwp%2Fv2%2Fmedia&parent=3198"}],"wp:term":[{"taxonomy":"category","embeddable":true,"href":"http:\/\/www.schuetzen-radfeld.at\/index.php?rest_route=%2Fwp%2Fv2%2Fcategories&post=3198"},{"taxonomy":"post_tag","embeddable":true,"href":"http:\/\/www.schuetzen-radfeld.at\/index.php?rest_route=%2Fwp%2Fv2%2Ftags&post=3198"}],"curies":[{"name":"wp","href":"https:\/\/api.w.org\/{rel}","templated":true}]}}