{"id":8043,"date":"2020-06-19T23:00:00","date_gmt":"2020-06-19T23:00:00","guid":{"rendered":"http:\/\/www.schuetzen-radfeld.at\/?p=8043"},"modified":"2020-06-20T12:14:21","modified_gmt":"2020-06-20T12:14:21","slug":"exerzieren-1","status":"publish","type":"post","link":"http:\/\/www.schuetzen-radfeld.at\/?p=8043","title":{"rendered":"19.06.2020 Exerzieren 1"},"content":{"rendered":"<p><!--more--><\/p>\n<p>Auftakt nach der Auszeit! Das erste Zusammentreffen der Kameraden nach einer sehr langen Pause und es wurde flei\u00dfig ge\u00fcbt. Anschlie\u00dfend wurde bei einer Jause getratscht und viel gelacht, nat\u00fcrlich mit dem &#8222;kleinen Elefanten&#8220; Abstand!<\/p>\n<p>Vielen Dank an Peter und Franz f\u00fcr die gute Verpflegung!<\/p>\nngg_shortcode_0_placeholder\n","protected":false},"excerpt":{"rendered":"","protected":false},"author":2,"featured_media":0,"comment_status":"closed","ping_status":"closed","sticky":false,"template":"","format":"standard","meta":{"neve_meta_sidebar":"","neve_meta_container":"","neve_meta_enable_content_width":"","neve_meta_content_width":0,"neve_meta_title_alignment":"","neve_meta_author_avatar":"","neve_post_elements_order":"","neve_meta_disable_header":"","neve_meta_disable_footer":"","neve_meta_disable_title":"","ngg_post_thumbnail":0,"footnotes":""},"categories":[44],"tags":[],"class_list":["post-8043","post","type-post","status-publish","format-standard","hentry","category-rueckblick-2020"],"_links":{"self":[{"href":"http:\/\/www.schuetzen-radfeld.at\/index.php?rest_route=\/wp\/v2\/posts\/8043","targetHints":{"allow":["GET"]}}],"collection":[{"href":"http:\/\/www.schuetzen-radfeld.at\/index.php?rest_route=\/wp\/v2\/posts"}],"about":[{"href":"http:\/\/www.schuetzen-radfeld.at\/index.php?rest_route=\/wp\/v2\/types\/post"}],"author":[{"embeddable":true,"href":"http:\/\/www.schuetzen-radfeld.at\/index.php?rest_route=\/wp\/v2\/users\/2"}],"replies":[{"embeddable":true,"href":"http:\/\/www.schuetzen-radfeld.at\/index.php?rest_route=%2Fwp%2Fv2%2Fcomments&post=8043"}],"version-history":[{"count":8,"href":"http:\/\/www.schuetzen-radfeld.at\/index.php?rest_route=\/wp\/v2\/posts\/8043\/revisions"}],"predecessor-version":[{"id":8246,"href":"http:\/\/www.schuetzen-radfeld.at\/index.php?rest_route=\/wp\/v2\/posts\/8043\/revisions\/8246"}],"wp:attachment":[{"href":"http:\/\/www.schuetzen-radfeld.at\/index.php?rest_route=%2Fwp%2Fv2%2Fmedia&parent=8043"}],"wp:term":[{"taxonomy":"category","embeddable":true,"href":"http:\/\/www.schuetzen-radfeld.at\/index.php?rest_route=%2Fwp%2Fv2%2Fcategories&post=8043"},{"taxonomy":"post_tag","embeddable":true,"href":"http:\/\/www.schuetzen-radfeld.at\/index.php?rest_route=%2Fwp%2Fv2%2Ftags&post=8043"}],"curies":[{"name":"wp","href":"https:\/\/api.w.org\/{rel}","templated":true}]}}