{"id":10532,"date":"2024-02-23T09:00:00","date_gmt":"2024-02-23T09:00:00","guid":{"rendered":"http:\/\/www.schuetzen-radfeld.at\/?p=10532"},"modified":"2024-02-26T12:11:33","modified_gmt":"2024-02-26T12:11:33","slug":"23-02-2024-viertel-jahreshauptversammlung-in-tracht-abordnung","status":"publish","type":"post","link":"https:\/\/www.schuetzen-radfeld.at\/?p=10532","title":{"rendered":"23.02.2024 Viertel Jahreshauptversammlung in Tracht (Abordnung)"},"content":{"rendered":"<p><!--more-->F\u00fcr die Sch\u00fctzenkompanie Radfeld waren Obmann Olt. Harald Zwischenberger und Patrouillenf\u00fchrer Manuel Haider dabei.<\/p>\n<p>Ort: Kulturhaus in Reith bei Kitzb\u00fchel<\/p>\n","protected":false},"excerpt":{"rendered":"","protected":false},"author":2,"featured_media":0,"comment_status":"closed","ping_status":"closed","sticky":false,"template":"","format":"standard","meta":{"neve_meta_sidebar":"","neve_meta_container":"","neve_meta_enable_content_width":"","neve_meta_content_width":0,"neve_meta_title_alignment":"","neve_meta_author_avatar":"","neve_post_elements_order":"","neve_meta_disable_header":"","neve_meta_disable_footer":"","neve_meta_disable_title":"","ngg_post_thumbnail":0,"footnotes":""},"categories":[49,48],"tags":[],"class_list":["post-10532","post","type-post","status-publish","format-standard","hentry","category-rueckblick-2024-2","category-rueckblick-2024"],"_links":{"self":[{"href":"https:\/\/www.schuetzen-radfeld.at\/index.php?rest_route=\/wp\/v2\/posts\/10532","targetHints":{"allow":["GET"]}}],"collection":[{"href":"https:\/\/www.schuetzen-radfeld.at\/index.php?rest_route=\/wp\/v2\/posts"}],"about":[{"href":"https:\/\/www.schuetzen-radfeld.at\/index.php?rest_route=\/wp\/v2\/types\/post"}],"author":[{"embeddable":true,"href":"https:\/\/www.schuetzen-radfeld.at\/index.php?rest_route=\/wp\/v2\/users\/2"}],"replies":[{"embeddable":true,"href":"https:\/\/www.schuetzen-radfeld.at\/index.php?rest_route=%2Fwp%2Fv2%2Fcomments&post=10532"}],"version-history":[{"count":3,"href":"https:\/\/www.schuetzen-radfeld.at\/index.php?rest_route=\/wp\/v2\/posts\/10532\/revisions"}],"predecessor-version":[{"id":10604,"href":"https:\/\/www.schuetzen-radfeld.at\/index.php?rest_route=\/wp\/v2\/posts\/10532\/revisions\/10604"}],"wp:attachment":[{"href":"https:\/\/www.schuetzen-radfeld.at\/index.php?rest_route=%2Fwp%2Fv2%2Fmedia&parent=10532"}],"wp:term":[{"taxonomy":"category","embeddable":true,"href":"https:\/\/www.schuetzen-radfeld.at\/index.php?rest_route=%2Fwp%2Fv2%2Fcategories&post=10532"},{"taxonomy":"post_tag","embeddable":true,"href":"https:\/\/www.schuetzen-radfeld.at\/index.php?rest_route=%2Fwp%2Fv2%2Ftags&post=10532"}],"curies":[{"name":"wp","href":"https:\/\/api.w.org\/{rel}","templated":true}]}}