{"id":10534,"date":"2024-03-07T22:00:00","date_gmt":"2024-03-07T22:00:00","guid":{"rendered":"http:\/\/www.schuetzen-radfeld.at\/?p=10534"},"modified":"2024-03-08T10:43:58","modified_gmt":"2024-03-08T10:43:58","slug":"07-03-2024-schuetzenschnurschiessen-training-und-bewerb-in-kramsach","status":"publish","type":"post","link":"https:\/\/www.schuetzen-radfeld.at\/?p=10534","title":{"rendered":"07.03.2024 Sch\u00fctzenschnurschie\u00dfen Training und Bewerb in Kramsach"},"content":{"rendered":"<p><!--more--><\/p>\n<p>Heute war das Sch\u00fctzenschnurschie\u00dfen (mit dem Luftgewehr) in Kramsach auf dem Programm!<\/p>\n<p>Schu\u00dfaufsicht war OSM<strong> Peter Larch<\/strong> aus Kramsach!<\/p>\n<p>Danke OSM <strong>Daniel Holzknecht<\/strong> (Sch\u00fctzengilde Kramsach) f\u00fcr die tolle Abwicklung dieser Schie\u00dfveranstaltung.<\/p>\n<p><span style=\"color: #339966;\"><strong>Gr\u00fcn (Bronze)<\/strong><\/span> <strong>Ralph Joham!<\/strong><\/p>\n<p><span style=\"color: #000000;\"><strong>Wir gratulieren!<\/strong><\/span><\/p>\nngg_shortcode_0_placeholder\n\n\n<p><\/p>\n","protected":false},"excerpt":{"rendered":"","protected":false},"author":2,"featured_media":0,"comment_status":"closed","ping_status":"closed","sticky":false,"template":"","format":"standard","meta":{"neve_meta_sidebar":"","neve_meta_container":"","neve_meta_enable_content_width":"","neve_meta_content_width":0,"neve_meta_title_alignment":"","neve_meta_author_avatar":"","neve_post_elements_order":"","neve_meta_disable_header":"","neve_meta_disable_footer":"","neve_meta_disable_title":"","ngg_post_thumbnail":0,"footnotes":""},"categories":[49,48],"tags":[],"class_list":["post-10534","post","type-post","status-publish","format-standard","hentry","category-rueckblick-2024-2","category-rueckblick-2024"],"_links":{"self":[{"href":"https:\/\/www.schuetzen-radfeld.at\/index.php?rest_route=\/wp\/v2\/posts\/10534","targetHints":{"allow":["GET"]}}],"collection":[{"href":"https:\/\/www.schuetzen-radfeld.at\/index.php?rest_route=\/wp\/v2\/posts"}],"about":[{"href":"https:\/\/www.schuetzen-radfeld.at\/index.php?rest_route=\/wp\/v2\/types\/post"}],"author":[{"embeddable":true,"href":"https:\/\/www.schuetzen-radfeld.at\/index.php?rest_route=\/wp\/v2\/users\/2"}],"replies":[{"embeddable":true,"href":"https:\/\/www.schuetzen-radfeld.at\/index.php?rest_route=%2Fwp%2Fv2%2Fcomments&post=10534"}],"version-history":[{"count":3,"href":"https:\/\/www.schuetzen-radfeld.at\/index.php?rest_route=\/wp\/v2\/posts\/10534\/revisions"}],"predecessor-version":[{"id":10634,"href":"https:\/\/www.schuetzen-radfeld.at\/index.php?rest_route=\/wp\/v2\/posts\/10534\/revisions\/10634"}],"wp:attachment":[{"href":"https:\/\/www.schuetzen-radfeld.at\/index.php?rest_route=%2Fwp%2Fv2%2Fmedia&parent=10534"}],"wp:term":[{"taxonomy":"category","embeddable":true,"href":"https:\/\/www.schuetzen-radfeld.at\/index.php?rest_route=%2Fwp%2Fv2%2Fcategories&post=10534"},{"taxonomy":"post_tag","embeddable":true,"href":"https:\/\/www.schuetzen-radfeld.at\/index.php?rest_route=%2Fwp%2Fv2%2Ftags&post=10534"}],"curies":[{"name":"wp","href":"https:\/\/api.w.org\/{rel}","templated":true}]}}