{"id":10536,"date":"2024-03-16T23:30:00","date_gmt":"2024-03-16T23:30:00","guid":{"rendered":"http:\/\/www.schuetzen-radfeld.at\/?p=10536"},"modified":"2024-03-20T13:42:50","modified_gmt":"2024-03-20T13:42:50","slug":"16-03-2024-33-jahreshauptversammlung-schuetzen-radfeld","status":"publish","type":"post","link":"https:\/\/www.schuetzen-radfeld.at\/?p=10536","title":{"rendered":"16.03.2024 Jahreshauptversammlung (33.gste) Sch\u00fctzen Radfeld"},"content":{"rendered":"<p><!--more--><\/p>\n<p>Bei einer Messe in der Bricciuskirche Radfeld am 16.03.2024, gestaltet durch Herrn Pfarrprovisor Dr. Binumon John und Diakon Franz Margreiter, haben wir unseren verstorbenen Sch\u00fctzenkameraden gedacht.<\/p>\n<p>F\u00fcr ein musikalisches Highlight sorgte die Radfelder Chorgemeinschaft, ein Ohrenschmaus f\u00fcr alle Kirchg\u00e4nger!<\/p>\n<p>Mitgestaltet wurde die Messe von unseren Kameraden Pepi Stubenvoll und Hansj\u00f6rg W\u00f6ll.<\/p>\n<p>Im Anschluss an den Gottesdienst und die Ehrensalve zu Ehren Gottes, fand in der <strong>Pension Alpenblick (M\u00fchlsteiger) <\/strong>die 33. Jahreshauptversammlung der Sch\u00fctzenkompanie Radfeld statt.<\/p>\n<p>Hptm. Christian Kern er\u00f6ffnete mit dem Verlesen des Protokolls die Jahreshauptversammlung 2024.<\/p>\n<p>Schriftf\u00fchrer Robert Hintner las das Protokoll der letzten Jahreshauptversammlung 2023 vor und gab einen R\u00fcckblick auf das Jahr 2023 und eine Vorschau f\u00fcrs das Jahr 2024.<\/p>\n<p>Es folgten die Berichte der Kommandantschaftsmitglieder, die Entlastung des Kassiers und des Ausschusses.<\/p>\n<p>Kassapr\u00fcfer f\u00fcr 2023 waren Patr. Manuel Haider und Sch\u00fctze Johannes Gasteiger, die Kassier Ralph Joham 1stimmig entlasteten.<\/p>\n<p>Dieses Jahr fand wieder ein Sch\u00fctzenschnurschie\u00dfen in Kramsach statt:Obmann OLt. Harald Zwischenberger und Hptm. C.Kern \u00fcbergaben die Sch\u00fctzenschnur an Ralph Joham.<\/p>\n<p>Johannes Gasteiger wurde zum <strong>Patrouillenf\u00fchrer<\/strong> bef\u00f6rdert.<\/p>\n<p>Ralph Joham &#8211; <strong>Gr\u00fcn (Bronze)<\/strong><\/p>\n<p>Die Kompanie gratulierte unseren Sch\u00fctzen.<\/p>\n<p>Die Kommandantschaft bedankt sich f\u00fcr das ausgesprochene Vertrauen.<\/p>\n<p>Nach dem Ausscheiden von Kassapr\u00fcfer Manuel Haider, \u00fcbernahm Zgf. Manuel H\u00f6lzl als neuer Kassapr\u00fcfer das Amt f\u00fcr 2 Jahre.<\/p>\n<p>Das Wort wurde dann an B\u00fcrgermeister Oberj\u00e4ger Josef Auer weitergegeben. Dieser bedankte sich bei seinen Sch\u00fctzen f\u00fcr ihre unerm\u00fcdliche Arbeit, f\u00fcr die vielen Ausr\u00fcckungen im letzten Jahr und lobte das sehr gut funktionierende Radfelder Vereinsleben.<\/p>\n<p>Das Motto f\u00fcrs Sch\u00fctzenjahr 2024 lautet <strong>\u201eEntschlossen Zukunft gestalten\u201c <\/strong>mit diesem Leitsatz wurde die Sitzung beendet.<\/p>\n<p>Mit einem 3-fachen Sch\u00fctzenheil!<\/p>\nngg_shortcode_0_placeholder\n","protected":false},"excerpt":{"rendered":"","protected":false},"author":2,"featured_media":0,"comment_status":"closed","ping_status":"closed","sticky":false,"template":"","format":"standard","meta":{"neve_meta_sidebar":"","neve_meta_container":"","neve_meta_enable_content_width":"","neve_meta_content_width":0,"neve_meta_title_alignment":"","neve_meta_author_avatar":"","neve_post_elements_order":"","neve_meta_disable_header":"","neve_meta_disable_footer":"","neve_meta_disable_title":"","ngg_post_thumbnail":0,"footnotes":""},"categories":[48],"tags":[],"class_list":["post-10536","post","type-post","status-publish","format-standard","hentry","category-rueckblick-2024"],"_links":{"self":[{"href":"https:\/\/www.schuetzen-radfeld.at\/index.php?rest_route=\/wp\/v2\/posts\/10536","targetHints":{"allow":["GET"]}}],"collection":[{"href":"https:\/\/www.schuetzen-radfeld.at\/index.php?rest_route=\/wp\/v2\/posts"}],"about":[{"href":"https:\/\/www.schuetzen-radfeld.at\/index.php?rest_route=\/wp\/v2\/types\/post"}],"author":[{"embeddable":true,"href":"https:\/\/www.schuetzen-radfeld.at\/index.php?rest_route=\/wp\/v2\/users\/2"}],"replies":[{"embeddable":true,"href":"https:\/\/www.schuetzen-radfeld.at\/index.php?rest_route=%2Fwp%2Fv2%2Fcomments&post=10536"}],"version-history":[{"count":8,"href":"https:\/\/www.schuetzen-radfeld.at\/index.php?rest_route=\/wp\/v2\/posts\/10536\/revisions"}],"predecessor-version":[{"id":10655,"href":"https:\/\/www.schuetzen-radfeld.at\/index.php?rest_route=\/wp\/v2\/posts\/10536\/revisions\/10655"}],"wp:attachment":[{"href":"https:\/\/www.schuetzen-radfeld.at\/index.php?rest_route=%2Fwp%2Fv2%2Fmedia&parent=10536"}],"wp:term":[{"taxonomy":"category","embeddable":true,"href":"https:\/\/www.schuetzen-radfeld.at\/index.php?rest_route=%2Fwp%2Fv2%2Fcategories&post=10536"},{"taxonomy":"post_tag","embeddable":true,"href":"https:\/\/www.schuetzen-radfeld.at\/index.php?rest_route=%2Fwp%2Fv2%2Ftags&post=10536"}],"curies":[{"name":"wp","href":"https:\/\/api.w.org\/{rel}","templated":true}]}}