{"id":10539,"date":"2024-03-17T12:00:00","date_gmt":"2024-03-17T12:00:00","guid":{"rendered":"http:\/\/www.schuetzen-radfeld.at\/?p=10539"},"modified":"2024-04-14T15:02:41","modified_gmt":"2024-04-14T15:02:41","slug":"17-03-2024-bat-schuetzenjahrtag-in-wildschoenau-oberau-fahnenabordnung","status":"publish","type":"post","link":"https:\/\/www.schuetzen-radfeld.at\/?p=10539","title":{"rendered":"17.03.2024 Bat. Sch\u00fctzenjahrtag in Wildsch\u00f6nau\/Oberau (Fahnenabordnung)"},"content":{"rendered":"<p><!--more--><\/p>\n<p>F\u00fcr die Sch\u00fctzenkompanie Radfeld waren Hptm. Christian Kern, Lt.-F\u00e4hnrich Reinhold Winkler und Zgf. Dominik Winkler als F\u00e4hnrich dabei.<\/p>\n","protected":false},"excerpt":{"rendered":"","protected":false},"author":2,"featured_media":0,"comment_status":"closed","ping_status":"closed","sticky":false,"template":"","format":"standard","meta":{"neve_meta_sidebar":"","neve_meta_container":"","neve_meta_enable_content_width":"","neve_meta_content_width":0,"neve_meta_title_alignment":"","neve_meta_author_avatar":"","neve_post_elements_order":"","neve_meta_disable_header":"","neve_meta_disable_footer":"","neve_meta_disable_title":"","ngg_post_thumbnail":0,"footnotes":""},"categories":[48],"tags":[],"class_list":["post-10539","post","type-post","status-publish","format-standard","hentry","category-rueckblick-2024"],"_links":{"self":[{"href":"https:\/\/www.schuetzen-radfeld.at\/index.php?rest_route=\/wp\/v2\/posts\/10539","targetHints":{"allow":["GET"]}}],"collection":[{"href":"https:\/\/www.schuetzen-radfeld.at\/index.php?rest_route=\/wp\/v2\/posts"}],"about":[{"href":"https:\/\/www.schuetzen-radfeld.at\/index.php?rest_route=\/wp\/v2\/types\/post"}],"author":[{"embeddable":true,"href":"https:\/\/www.schuetzen-radfeld.at\/index.php?rest_route=\/wp\/v2\/users\/2"}],"replies":[{"embeddable":true,"href":"https:\/\/www.schuetzen-radfeld.at\/index.php?rest_route=%2Fwp%2Fv2%2Fcomments&post=10539"}],"version-history":[{"count":2,"href":"https:\/\/www.schuetzen-radfeld.at\/index.php?rest_route=\/wp\/v2\/posts\/10539\/revisions"}],"predecessor-version":[{"id":10658,"href":"https:\/\/www.schuetzen-radfeld.at\/index.php?rest_route=\/wp\/v2\/posts\/10539\/revisions\/10658"}],"wp:attachment":[{"href":"https:\/\/www.schuetzen-radfeld.at\/index.php?rest_route=%2Fwp%2Fv2%2Fmedia&parent=10539"}],"wp:term":[{"taxonomy":"category","embeddable":true,"href":"https:\/\/www.schuetzen-radfeld.at\/index.php?rest_route=%2Fwp%2Fv2%2Fcategories&post=10539"},{"taxonomy":"post_tag","embeddable":true,"href":"https:\/\/www.schuetzen-radfeld.at\/index.php?rest_route=%2Fwp%2Fv2%2Ftags&post=10539"}],"curies":[{"name":"wp","href":"https:\/\/api.w.org\/{rel}","templated":true}]}}