{"id":10941,"date":"2025-03-20T10:00:00","date_gmt":"2025-03-20T10:00:00","guid":{"rendered":"http:\/\/www.schuetzen-radfeld.at\/?p=10941"},"modified":"2025-11-28T10:22:59","modified_gmt":"2025-11-28T10:22:59","slug":"01-03-2025-jahreshauptversammlung-mit-neuwahlen","status":"publish","type":"post","link":"https:\/\/www.schuetzen-radfeld.at\/?p=10941","title":{"rendered":"15.03.2025 Jahreshauptversammlung mit Neuwahlen"},"content":{"rendered":"<p><!--more--><\/p>\n<p>Bei einer Messe in der Bricciuskirche Radfeld am 15.03.2025, gestaltet durch Herrn Pfarrprovisor Dr. Manfred Thaler, haben wir unseren verstorbenen Sch\u00fctzenkameraden gedacht.<\/p>\n<p>F\u00fcr die musikalische Umrahmung sorgte die Radfelder Chorgemeinschaft und mitgestaltet von unseren Kameraden Pepi Stubenvoll und Naschberger Lena.<\/p>\n<p>Unser Herr Pfarrer &nbsp;bedankte sich bei den Sch\u00fctzen f\u00fcr die kirchlichen Ausr\u00fcckungen.<\/p>\n<p>Im Anschluss an den Gottesdienst und die Ehrensalve zu Ehren Gottes, fand im <strong>Hotel Sonnhof <\/strong>die <span style=\"color: #ff0000;\">34.Jahreshauptversammlung der Sch\u00fctzenkompanie Radfeld<\/span> statt.<\/p>\n<p>Hptm.Christian Kern begr\u00fc\u00dfte die Ehreng\u00e4ste, Pfarrprovisor Manfred Thaler, B\u00fcrgermeister&nbsp; Obj. Josef Auer und Viertelkommandant Mjr. Manfred Schachner und er\u00f6ffnete mit dem Verlesen des Protokolls die Jahreshauptversammlung 2025.<\/p>\n<p>Schriftf\u00fchrer Robert Hintner las das Protokoll der letzten Jahreshauptversammlung vor und gab einen R\u00fcckblick auf das Jahr 2024 und 2025<\/p>\n<p>Es folgten die Berichte der Kommandantschaftsmitglieder, die Entlastung des Kassiers und des Ausschusses.<\/p>\n<p>Kassapr\u00fcfer waren Patr. Johannes Gasteiger und Zgf. Manuel H\u00f6lzl, die Kassier Ralph Joham 1stimmig entlasteten.<\/p>\n<p>Schriftf\u00fchrer Robert Hintner gab einen kurzen \u00dcberblick zu den die Terminen 2025. Dank erging an alle Mitglieder.<\/p>\n<p>Die Kommandantschaft bedankt sich f\u00fcr das ausgesprochene Vertrauen.<\/p>\n<p>Als Ehrengast und zugleich Wahlleiter fungierte Bataillons und Viertelkommandant Mjr. Manfred Schachner.<\/p>\n<p>1-stimmig mit Handzeichen wurde Olt. Harald Zwischenberger als Obmann im seinem Amt best\u00e4tigt.gew\u00e4hlt<\/p>\n<p>Mit Handzeichen wurde 1-stimmig als Hauptmann Johannes Gasteiger gew\u00e4hlt.<\/p>\n<p><span style=\"color: #ff0000;\"><strong>Neuwahlen:<\/strong><\/span><\/p>\n<p><span style=\"color: #ff0000;\"><strong>In ihrem Amt best\u00e4tigt wurden:<\/strong><\/span><\/p>\n<p>Obmann:&nbsp;&nbsp;&nbsp;&nbsp;&nbsp;&nbsp;&nbsp;&nbsp;&nbsp;&nbsp;&nbsp;&nbsp;&nbsp;&nbsp;&nbsp;&nbsp;&nbsp;&nbsp;&nbsp;&nbsp;&nbsp;&nbsp;&nbsp;&nbsp;&nbsp;&nbsp;&nbsp;&nbsp;&nbsp; Olt. Harald Zwischenberger<\/p>\n<p>Hauptmann:&nbsp;&nbsp;&nbsp;&nbsp;&nbsp;&nbsp;&nbsp;&nbsp;&nbsp;&nbsp;&nbsp;&nbsp;&nbsp;&nbsp;&nbsp;&nbsp;&nbsp;&nbsp;&nbsp;&nbsp;&nbsp;&nbsp;&nbsp;&nbsp;&nbsp; Hptm. Johannes Gasteiger (Neu)<\/p>\n<p>Hauptmann Stv:&nbsp;&nbsp;&nbsp;&nbsp;&nbsp;&nbsp;&nbsp;&nbsp;&nbsp;&nbsp;&nbsp;&nbsp;&nbsp;&nbsp;&nbsp;&nbsp;&nbsp;&nbsp; Obj. Erich Aldrian<\/p>\n<p>F\u00e4hnrich:&nbsp;&nbsp;&nbsp;&nbsp;&nbsp;&nbsp;&nbsp;&nbsp;&nbsp;&nbsp;&nbsp;&nbsp;&nbsp;&nbsp;&nbsp;&nbsp;&nbsp;&nbsp;&nbsp;&nbsp;&nbsp;&nbsp;&nbsp;&nbsp;&nbsp;&nbsp;&nbsp;&nbsp;&nbsp; F\u00e4hnrich Peter Walser (Neu)<\/p>\n<p>F\u00e4hnrich Stv:&nbsp;&nbsp;&nbsp;&nbsp;&nbsp;&nbsp;&nbsp;&nbsp;&nbsp;&nbsp;&nbsp;&nbsp;&nbsp;&nbsp;&nbsp;&nbsp;&nbsp;&nbsp;&nbsp;&nbsp;&nbsp;&nbsp;&nbsp; Zgf. Dominik Winkler<\/p>\n<p>Schriftf\u00fchrer und Chronist:&nbsp;&nbsp; Maketenderin Lena Naschberger (Neu)<\/p>\n<p>Schriftf\u00fchrer Stv:&nbsp;&nbsp;&nbsp;&nbsp;&nbsp;&nbsp;&nbsp;&nbsp;&nbsp;&nbsp;&nbsp;&nbsp;&nbsp;&nbsp;&nbsp;&nbsp;&nbsp; Lt. Robert Hintner<\/p>\n<p>Kassier:&nbsp;&nbsp;&nbsp;&nbsp;&nbsp;&nbsp;&nbsp;&nbsp;&nbsp;&nbsp;&nbsp;&nbsp;&nbsp;&nbsp;&nbsp;&nbsp;&nbsp;&nbsp;&nbsp;&nbsp;&nbsp;&nbsp;&nbsp;&nbsp;&nbsp;&nbsp;&nbsp;&nbsp;&nbsp;&nbsp;&nbsp; Patr.Ralph Joham<\/p>\n<p>Kassier Stv:&nbsp;&nbsp;&nbsp;&nbsp;&nbsp;&nbsp;&nbsp;&nbsp;&nbsp;&nbsp;&nbsp;&nbsp;&nbsp;&nbsp;&nbsp;&nbsp;&nbsp;&nbsp;&nbsp;&nbsp;&nbsp;&nbsp;&nbsp;&nbsp;&nbsp; Patr. Manuel Haider (Neu)<\/p>\n<p>Waffenmeister:&nbsp;&nbsp;&nbsp;&nbsp;&nbsp;&nbsp;&nbsp;&nbsp;&nbsp;&nbsp;&nbsp;&nbsp;&nbsp;&nbsp;&nbsp;&nbsp;&nbsp;&nbsp;&nbsp;&nbsp; Zgf. Christian Stock (Neu)<\/p>\n<p>Waffenmeister Stv:&nbsp;&nbsp;&nbsp;&nbsp;&nbsp;&nbsp;&nbsp;&nbsp;&nbsp;&nbsp;&nbsp;&nbsp;&nbsp;&nbsp; Obj. Erich Aldrian<\/p>\n<p>Zeugwart:&nbsp;&nbsp;&nbsp;&nbsp;&nbsp;&nbsp;&nbsp; &nbsp;&nbsp;&nbsp;&nbsp;&nbsp;&nbsp;&nbsp;&nbsp;&nbsp;&nbsp;&nbsp;&nbsp;&nbsp;&nbsp;&nbsp;&nbsp;&nbsp; &nbsp;&nbsp;&nbsp;Patr. Manuel Haider (Neu)<\/p>\n<p>Zeugwart Stv: &nbsp;&nbsp;&nbsp;&nbsp;&nbsp;&nbsp;&nbsp;&nbsp;&nbsp;&nbsp;&nbsp;&nbsp;&nbsp;&nbsp;&nbsp;&nbsp;&nbsp; &nbsp;&nbsp;&nbsp;Olt. Harald Zwischenberger<\/p>\n<p>Nach dem Ausscheiden von Kassapr\u00fcfer Johannes Gasteiger und Manuel H\u00f6lzl, \u00fcbernahmen Gerhard Schwetz und Erich H\u00f6lzl als neue Kassapr\u00fcfer das Amt f\u00fcr 2 Jahre.<\/p>\n<p>Dieses Jahr fand wieder ein Sch\u00fctzenschnurschie\u00dfen in Kramsach statt:<\/p>\n<p><strong>&nbsp;<\/strong>Die Kompanie gratulierte unseren Sch\u00fctzen.<\/p>\n<p><span style=\"color: #ff0000;\"><strong>Andreas Hirner<\/strong> \u2013 <strong>Gold (best\u00e4tigt)<\/strong><\/span><\/p>\n<p>Mjr. Manfred Schachner f\u00fchrte die Ehrungen mit Obmann Harald Zwischenberger durch.<\/p>\n<p>F\u00fcr treue <span style=\"color: #ff0000;\">15-j\u00e4hrige Mitgliedschaft<\/span> in der Sch\u00fctzenkompanie Radfeld, die \u201eHaspinger Medaille\u201cDes Bundes der Tiroler Sch\u00fctzenkompanien zuerkannt.<\/p>\n<p><span style=\"color: #ff0000;\"><strong>Ehrungen Langj\u00e4hrigkeit:<\/strong><\/span><\/p>\n<p><span style=\"color: #ff0000;\"><strong>&nbsp;<\/strong><\/span><strong>Nina Braunhofer<\/strong>&nbsp;&nbsp;&nbsp;&nbsp; &nbsp;&nbsp;&nbsp;&nbsp;&nbsp;&nbsp;&nbsp;&nbsp;&nbsp;&nbsp;&nbsp;&nbsp;&nbsp; BSTK 15 Jahre Haspinger Medaille<\/p>\n<p><strong>Martha Lentner<\/strong>&nbsp;&nbsp;&nbsp;&nbsp; &nbsp;&nbsp;&nbsp;&nbsp;&nbsp;&nbsp;&nbsp;&nbsp;&nbsp;&nbsp;&nbsp;&nbsp;&nbsp;&nbsp;&nbsp; BSTK 15 Jahre Haspinger Medaille<\/p>\n<p><strong>J<\/strong><strong>osef Loidolt<\/strong>&nbsp;&nbsp;&nbsp;&nbsp; &nbsp;&nbsp;&nbsp;&nbsp;&nbsp;&nbsp;&nbsp;&nbsp;&nbsp;&nbsp;&nbsp;&nbsp;&nbsp;&nbsp;&nbsp;&nbsp;&nbsp;&nbsp;&nbsp; BSTK 15 Jahre Haspinger Medaille<\/p>\n<p><strong>Peter Strele<\/strong>&nbsp;&nbsp;&nbsp;&nbsp; &nbsp;&nbsp;&nbsp;&nbsp;&nbsp;&nbsp;&nbsp;&nbsp;&nbsp;&nbsp;&nbsp;&nbsp;&nbsp;&nbsp;&nbsp;&nbsp;&nbsp;&nbsp;&nbsp;&nbsp; BSTK 15 Jahre Haspinger Medaille<\/p>\n<p><strong>Simon Margreiter<\/strong>&nbsp;&nbsp;&nbsp;&nbsp; &nbsp;&nbsp;&nbsp;&nbsp;&nbsp;&nbsp;&nbsp;&nbsp;&nbsp;&nbsp;&nbsp; BSTK 15 Jahre Haspinger Medaille<\/p>\n<p><strong>Hansj\u00f6rg W\u00f6ll<\/strong>&nbsp;&nbsp;&nbsp;&nbsp;&nbsp;&nbsp;&nbsp;&nbsp;&nbsp;&nbsp;&nbsp;&nbsp;&nbsp;&nbsp;&nbsp;&nbsp;&nbsp;&nbsp;&nbsp;&nbsp;&nbsp;&nbsp; BSTK 15 Jahre Haspinger Medaille<\/p>\n<p><strong>Harald Zwischenberger<\/strong>&nbsp;&nbsp;&nbsp;&nbsp;&nbsp;&nbsp; BSTK 15 Jahre Haspinger Medaille<\/p>\n<p>F\u00fcr <span style=\"color: #ff0000;\"><strong>treue 25-j\u00e4hrige Mitgliedschaft<\/strong><\/span> in der Sch\u00fctzenkompanie Radfeld, die <span style=\"color: #ff0000;\"><strong>\u201eSpeckbacher Medaille\u201c<\/strong><\/span><\/p>\n<p>Des Bundes der Tiroler Sch\u00fctzenkompanien zuerkannt.<\/p>\n<p><strong>Nikolaus Aldrian<\/strong>&nbsp;&nbsp;&nbsp;&nbsp; &nbsp;&nbsp;&nbsp;&nbsp;&nbsp;&nbsp;&nbsp;&nbsp;&nbsp;&nbsp;&nbsp;&nbsp;&nbsp; BSTK 25 Jahre Speckbacher Medaille<\/p>\n<p><strong>&nbsp;<\/strong><strong>Manuel H\u00f6lzl<\/strong>&nbsp;&nbsp;&nbsp;&nbsp; &nbsp;&nbsp;&nbsp;&nbsp;&nbsp;&nbsp;&nbsp;&nbsp;&nbsp;&nbsp;&nbsp;&nbsp;&nbsp;&nbsp;&nbsp;&nbsp;&nbsp;&nbsp;&nbsp; BSTK 25 Jahre Speckbacher Medaille<\/p>\n<p><strong>Christian Stock<\/strong> &nbsp;&nbsp;&nbsp;&nbsp;&nbsp;&nbsp;&nbsp;&nbsp;&nbsp;&nbsp;&nbsp;&nbsp;&nbsp;&nbsp;&nbsp;&nbsp;&nbsp;&nbsp;&nbsp; BSTK 25 Jahre Speckbacher Medaille<\/p>\n<p><strong>Dominik Winkler<\/strong>&nbsp;&nbsp;&nbsp;&nbsp; &nbsp;&nbsp;&nbsp;&nbsp;&nbsp;&nbsp;&nbsp;&nbsp;&nbsp;&nbsp;&nbsp;&nbsp;&nbsp; BSTK 25 Jahre Speckbacher Medaille<\/p>\n<p>Marketenderin <span style=\"color: #ff0000;\"><strong>Lena Naschberger<\/strong><\/span> bekam die <span style=\"color: #ff0000;\">Katharina-Lanz Medaille<\/span> vom Bund der Tiroler Sch\u00fctzenkompanien \u00fcberreicht.<\/p>\n<p>Mjr. Manfred Schachner bedankte sich f\u00fcr den unerm\u00fcdlichen Einsatz um das Sch\u00fctzenwesen.<\/p>\n<p>Das Motto f\u00fcrs Sch\u00fctzenjahr 2025 lautet <strong><span style=\"color: #ff0000;\">\u201eUnsere Leidenschaft ist Tirol\u201c <\/span><\/strong>und mit diesem Leitsatz wurde die Sitzung beendet.<\/p>\n<p>Bilder Ortschronist Alexander Huss<\/p>\nngg_shortcode_0_placeholder\n","protected":false},"excerpt":{"rendered":"","protected":false},"author":2,"featured_media":0,"comment_status":"closed","ping_status":"closed","sticky":false,"template":"","format":"standard","meta":{"neve_meta_sidebar":"","neve_meta_container":"","neve_meta_enable_content_width":"","neve_meta_content_width":0,"neve_meta_title_alignment":"","neve_meta_author_avatar":"","neve_post_elements_order":"","neve_meta_disable_header":"","neve_meta_disable_footer":"","neve_meta_disable_title":"","ngg_post_thumbnail":0,"footnotes":""},"categories":[50],"tags":[],"class_list":["post-10941","post","type-post","status-publish","format-standard","hentry","category-rueckblick-2025"],"_links":{"self":[{"href":"https:\/\/www.schuetzen-radfeld.at\/index.php?rest_route=\/wp\/v2\/posts\/10941","targetHints":{"allow":["GET"]}}],"collection":[{"href":"https:\/\/www.schuetzen-radfeld.at\/index.php?rest_route=\/wp\/v2\/posts"}],"about":[{"href":"https:\/\/www.schuetzen-radfeld.at\/index.php?rest_route=\/wp\/v2\/types\/post"}],"author":[{"embeddable":true,"href":"https:\/\/www.schuetzen-radfeld.at\/index.php?rest_route=\/wp\/v2\/users\/2"}],"replies":[{"embeddable":true,"href":"https:\/\/www.schuetzen-radfeld.at\/index.php?rest_route=%2Fwp%2Fv2%2Fcomments&post=10941"}],"version-history":[{"count":7,"href":"https:\/\/www.schuetzen-radfeld.at\/index.php?rest_route=\/wp\/v2\/posts\/10941\/revisions"}],"predecessor-version":[{"id":11961,"href":"https:\/\/www.schuetzen-radfeld.at\/index.php?rest_route=\/wp\/v2\/posts\/10941\/revisions\/11961"}],"wp:attachment":[{"href":"https:\/\/www.schuetzen-radfeld.at\/index.php?rest_route=%2Fwp%2Fv2%2Fmedia&parent=10941"}],"wp:term":[{"taxonomy":"category","embeddable":true,"href":"https:\/\/www.schuetzen-radfeld.at\/index.php?rest_route=%2Fwp%2Fv2%2Fcategories&post=10941"},{"taxonomy":"post_tag","embeddable":true,"href":"https:\/\/www.schuetzen-radfeld.at\/index.php?rest_route=%2Fwp%2Fv2%2Ftags&post=10941"}],"curies":[{"name":"wp","href":"https:\/\/api.w.org\/{rel}","templated":true}]}}