{"id":10948,"date":"2025-05-10T08:05:00","date_gmt":"2025-05-10T08:05:00","guid":{"rendered":"http:\/\/www.schuetzen-radfeld.at\/?p=10948"},"modified":"2025-05-18T11:45:58","modified_gmt":"2025-05-18T11:45:58","slug":"10-05-2025-bundesversammlung-in-ibk-75-jahre-btsk-mit-allen-kompanie-fahnen-abordnung","status":"publish","type":"post","link":"https:\/\/www.schuetzen-radfeld.at\/?p=10948","title":{"rendered":"10.05.2025  Bundesversammlung in IBK &#8222;75 Jahre BTSK&#8220; mit allen Kompanie Fahnen (Abordnung)"},"content":{"rendered":"\n<!--more-->\n\n\n\n<p><strong>Sch\u00fctzenkompanie Radfeld \u2013 Teilnahme an der Bundesversammlung 2025 in Innsbruck<\/strong><\/p>\n\n\n\n<p>Am <strong>Samstag, den 10. Mai 2025<\/strong>, nahm die <strong>Sch\u00fctzenkompanie Radfeld<\/strong> &#8211; Abordung mit Stolz an der feierlichen <strong>Bundesversammlung des Bundes der Tiroler Sch\u00fctzenkompanien<\/strong> in <strong>Innsbruck<\/strong> teil. Gemeinsam mit Abordnungen aus ganz Tirol und S\u00fcdtirol r\u00fcckten wir aus, um unsere Verbundenheit zur Heimat, zum Brauchtum und zur Gemeinschaft der Tiroler Sch\u00fctzen eindrucksvoll zum Ausdruck zu bringen.<\/p>\n\n\n\n<p>Die Veranstaltung begann mit dem feierlichen Einmarsch aller Kompanien und Abordnungen durch die Innsbrucker Innenstadt.Die Sch\u00fctzenkompanie Radfeld war mit unserer Abordnung vertreten und pr\u00e4sentierte sich in traditioneller Montur, getragen von Disziplin, Stolz und Kameradschaft.<\/p>\n\n\n\n<p>Diese Bundesversammlung war nicht nur ein bedeutendes Zeichen der Einheit und der Werte unseres Landes, sondern auch ein besonderer Moment der Begegnung mit Kameraden aus nah und fern. Es war uns eine Ehre, Teil dieses wichtigen Ereignisses im Tiroler Sch\u00fctzenjahr zu sein.<\/p>\n\n\n\n<p><strong>Mit Sch\u00fctzengru\u00df<\/strong><br><strong>Die Sch\u00fctzenkompanie Radfeld<\/strong><\/p>\n\n\n\nngg_shortcode_0_placeholder\n","protected":false},"excerpt":{"rendered":"","protected":false},"author":2,"featured_media":0,"comment_status":"closed","ping_status":"closed","sticky":false,"template":"","format":"standard","meta":{"neve_meta_sidebar":"","neve_meta_container":"","neve_meta_enable_content_width":"","neve_meta_content_width":0,"neve_meta_title_alignment":"","neve_meta_author_avatar":"","neve_post_elements_order":"","neve_meta_disable_header":"","neve_meta_disable_footer":"","neve_meta_disable_title":"","ngg_post_thumbnail":0,"footnotes":""},"categories":[17,50],"tags":[],"class_list":["post-10948","post","type-post","status-publish","format-standard","hentry","category-ruckblick","category-rueckblick-2025"],"_links":{"self":[{"href":"https:\/\/www.schuetzen-radfeld.at\/index.php?rest_route=\/wp\/v2\/posts\/10948","targetHints":{"allow":["GET"]}}],"collection":[{"href":"https:\/\/www.schuetzen-radfeld.at\/index.php?rest_route=\/wp\/v2\/posts"}],"about":[{"href":"https:\/\/www.schuetzen-radfeld.at\/index.php?rest_route=\/wp\/v2\/types\/post"}],"author":[{"embeddable":true,"href":"https:\/\/www.schuetzen-radfeld.at\/index.php?rest_route=\/wp\/v2\/users\/2"}],"replies":[{"embeddable":true,"href":"https:\/\/www.schuetzen-radfeld.at\/index.php?rest_route=%2Fwp%2Fv2%2Fcomments&post=10948"}],"version-history":[{"count":3,"href":"https:\/\/www.schuetzen-radfeld.at\/index.php?rest_route=\/wp\/v2\/posts\/10948\/revisions"}],"predecessor-version":[{"id":11307,"href":"https:\/\/www.schuetzen-radfeld.at\/index.php?rest_route=\/wp\/v2\/posts\/10948\/revisions\/11307"}],"wp:attachment":[{"href":"https:\/\/www.schuetzen-radfeld.at\/index.php?rest_route=%2Fwp%2Fv2%2Fmedia&parent=10948"}],"wp:term":[{"taxonomy":"category","embeddable":true,"href":"https:\/\/www.schuetzen-radfeld.at\/index.php?rest_route=%2Fwp%2Fv2%2Fcategories&post=10948"},{"taxonomy":"post_tag","embeddable":true,"href":"https:\/\/www.schuetzen-radfeld.at\/index.php?rest_route=%2Fwp%2Fv2%2Ftags&post=10948"}],"curies":[{"name":"wp","href":"https:\/\/api.w.org\/{rel}","templated":true}]}}