{"id":10950,"date":"2025-08-03T20:00:00","date_gmt":"2025-08-03T20:00:00","guid":{"rendered":"http:\/\/www.schuetzen-radfeld.at\/?p=10950"},"modified":"2025-11-16T15:23:57","modified_gmt":"2025-11-16T15:23:57","slug":"03-08-2025-bataillonsfest-in-brixlegg","status":"publish","type":"post","link":"https:\/\/www.schuetzen-radfeld.at\/?p=10950","title":{"rendered":"03.08.2025 Bataillonsfest Kufstein in Brixlegg"},"content":{"rendered":"<p><!--more--><\/p>\n<p>Am Sonntag, den 3.8.2025 folgten wir der Einladung der Sch\u00fctzenkompanie Brixlegg. 45 j\u00e4hriges Jubil\u00e4umsfest und das Bataillonsfest sollten gefeiert werden.<\/p>\n<p>Viele Kompanien waren im Festumzug durch Brixlegg vertreten. Der Wettergott hatte ein Einsehen und der Umzug konnte ohne Regen \u00fcber die B\u00fchne gehen.<\/p>\n<p>Dann folgte der gem\u00fctliche Teil. Beim Zusammensitzen und hoangaschten wurde die hervorragende Verpflegung genossen.<\/p>\n<p>Unser Dank gilt den Veranstaltern!<\/p>\n<h6>Bilder SK-Radfeld<\/h6>\nngg_shortcode_0_placeholder\n","protected":false},"excerpt":{"rendered":"","protected":false},"author":2,"featured_media":0,"comment_status":"closed","ping_status":"closed","sticky":false,"template":"","format":"standard","meta":{"neve_meta_sidebar":"","neve_meta_container":"","neve_meta_enable_content_width":"","neve_meta_content_width":0,"neve_meta_title_alignment":"","neve_meta_author_avatar":"","neve_post_elements_order":"","neve_meta_disable_header":"","neve_meta_disable_footer":"","neve_meta_disable_title":"","ngg_post_thumbnail":0,"footnotes":""},"categories":[50],"tags":[],"class_list":["post-10950","post","type-post","status-publish","format-standard","hentry","category-rueckblick-2025"],"_links":{"self":[{"href":"https:\/\/www.schuetzen-radfeld.at\/index.php?rest_route=\/wp\/v2\/posts\/10950","targetHints":{"allow":["GET"]}}],"collection":[{"href":"https:\/\/www.schuetzen-radfeld.at\/index.php?rest_route=\/wp\/v2\/posts"}],"about":[{"href":"https:\/\/www.schuetzen-radfeld.at\/index.php?rest_route=\/wp\/v2\/types\/post"}],"author":[{"embeddable":true,"href":"https:\/\/www.schuetzen-radfeld.at\/index.php?rest_route=\/wp\/v2\/users\/2"}],"replies":[{"embeddable":true,"href":"https:\/\/www.schuetzen-radfeld.at\/index.php?rest_route=%2Fwp%2Fv2%2Fcomments&post=10950"}],"version-history":[{"count":8,"href":"https:\/\/www.schuetzen-radfeld.at\/index.php?rest_route=\/wp\/v2\/posts\/10950\/revisions"}],"predecessor-version":[{"id":11898,"href":"https:\/\/www.schuetzen-radfeld.at\/index.php?rest_route=\/wp\/v2\/posts\/10950\/revisions\/11898"}],"wp:attachment":[{"href":"https:\/\/www.schuetzen-radfeld.at\/index.php?rest_route=%2Fwp%2Fv2%2Fmedia&parent=10950"}],"wp:term":[{"taxonomy":"category","embeddable":true,"href":"https:\/\/www.schuetzen-radfeld.at\/index.php?rest_route=%2Fwp%2Fv2%2Fcategories&post=10950"},{"taxonomy":"post_tag","embeddable":true,"href":"https:\/\/www.schuetzen-radfeld.at\/index.php?rest_route=%2Fwp%2Fv2%2Ftags&post=10950"}],"curies":[{"name":"wp","href":"https:\/\/api.w.org\/{rel}","templated":true}]}}