{"id":10985,"date":"2025-02-27T21:00:00","date_gmt":"2025-02-27T21:00:00","guid":{"rendered":"http:\/\/www.schuetzen-radfeld.at\/?p=10985"},"modified":"2025-03-01T16:39:20","modified_gmt":"2025-03-01T16:39:20","slug":"27-02-2025-schuetzenschnurschiessen-training-und-bewerb-in-kramsach","status":"publish","type":"post","link":"https:\/\/www.schuetzen-radfeld.at\/?p=10985","title":{"rendered":"27.02.2025 Sch\u00fctzenschnurschie\u00dfen Training und Bewerb in Kramsach"},"content":{"rendered":"<p><!--more--><\/p>\n<p>Heute war das Sch\u00fctzenschnurschie\u00dfen (mit dem Luftgewehr) in Kramsach auf dem Programm!<\/p>\n<p>Schu\u00dfaufsicht war Ehrenhauptmann<strong> Josef Ager<\/strong> aus Bad H\u00e4ring!<\/p>\n<p>Danke Pepi f\u00fcrs kemma.<\/p>\n<p>Danke <strong>Daniel Holzknecht<\/strong> und Peter Larch (Sch\u00fctzengilde Kramsach) f\u00fcr die tolle Abwicklung dieser Schie\u00dfveranstaltung.<\/p>\n<p><strong><span style=\"color: #ffcc00;\">Gold<\/span><\/strong> <strong>Andreas Hirner!<\/strong><\/p>\n<p><span style=\"color: #000000;\"><strong>Wir gratulieren!<\/strong><\/span><\/p>\n<h6><span style=\"color: #808080;\">Bilder SK-Radfeld<\/span><\/h6>\nngg_shortcode_0_placeholder\n","protected":false},"excerpt":{"rendered":"","protected":false},"author":2,"featured_media":0,"comment_status":"closed","ping_status":"closed","sticky":false,"template":"","format":"standard","meta":{"neve_meta_sidebar":"","neve_meta_container":"","neve_meta_enable_content_width":"","neve_meta_content_width":0,"neve_meta_title_alignment":"","neve_meta_author_avatar":"","neve_post_elements_order":"","neve_meta_disable_header":"","neve_meta_disable_footer":"","neve_meta_disable_title":"","ngg_post_thumbnail":0,"footnotes":""},"categories":[50],"tags":[],"class_list":["post-10985","post","type-post","status-publish","format-standard","hentry","category-rueckblick-2025"],"_links":{"self":[{"href":"https:\/\/www.schuetzen-radfeld.at\/index.php?rest_route=\/wp\/v2\/posts\/10985","targetHints":{"allow":["GET"]}}],"collection":[{"href":"https:\/\/www.schuetzen-radfeld.at\/index.php?rest_route=\/wp\/v2\/posts"}],"about":[{"href":"https:\/\/www.schuetzen-radfeld.at\/index.php?rest_route=\/wp\/v2\/types\/post"}],"author":[{"embeddable":true,"href":"https:\/\/www.schuetzen-radfeld.at\/index.php?rest_route=\/wp\/v2\/users\/2"}],"replies":[{"embeddable":true,"href":"https:\/\/www.schuetzen-radfeld.at\/index.php?rest_route=%2Fwp%2Fv2%2Fcomments&post=10985"}],"version-history":[{"count":3,"href":"https:\/\/www.schuetzen-radfeld.at\/index.php?rest_route=\/wp\/v2\/posts\/10985\/revisions"}],"predecessor-version":[{"id":11049,"href":"https:\/\/www.schuetzen-radfeld.at\/index.php?rest_route=\/wp\/v2\/posts\/10985\/revisions\/11049"}],"wp:attachment":[{"href":"https:\/\/www.schuetzen-radfeld.at\/index.php?rest_route=%2Fwp%2Fv2%2Fmedia&parent=10985"}],"wp:term":[{"taxonomy":"category","embeddable":true,"href":"https:\/\/www.schuetzen-radfeld.at\/index.php?rest_route=%2Fwp%2Fv2%2Fcategories&post=10985"},{"taxonomy":"post_tag","embeddable":true,"href":"https:\/\/www.schuetzen-radfeld.at\/index.php?rest_route=%2Fwp%2Fv2%2Ftags&post=10985"}],"curies":[{"name":"wp","href":"https:\/\/api.w.org\/{rel}","templated":true}]}}