{"id":11010,"date":"2025-01-15T21:00:00","date_gmt":"2025-01-15T21:00:00","guid":{"rendered":"http:\/\/www.schuetzen-radfeld.at\/?p=11010"},"modified":"2025-04-22T12:43:45","modified_gmt":"2025-04-22T12:43:45","slug":"15-02-2025-kompaniestockschiessen","status":"publish","type":"post","link":"https:\/\/www.schuetzen-radfeld.at\/?p=11010","title":{"rendered":"15.02.2025 Kompaniestockschie\u00dfen"},"content":{"rendered":"<p><!--more--><\/p>\n<p><span style=\"color: #0000ff;\"><strong>Stock Heil auf der Stocksportanlage Radfeld!<\/strong><\/span><\/p>\n<p>ein sportlicher Nachmittag stand am Programm.<\/p>\n<p>Kompaniestockschie\u00dfen 2025<\/p>\n<p>Die Auslosung der 5. Teams nahm Turnierleiterin <span style=\"color: #0000ff;\"><strong>Gitti Schnitzer<\/strong><\/span>&nbsp;vor.<\/p>\n<p><span style=\"color: #000000;\">Ein herzliches Dankesch\u00f6n unseren Helfern, Gitti Schnitzer, Traudl Priewasser und Waldtraut Mrazek&nbsp; f\u00fcr den sch\u00f6nen Tag und die Organisation!<\/span><\/p>\n<p>ngg_shortcode_0_placeholderBilder SK-Radfeld<\/p>\n","protected":false},"excerpt":{"rendered":"","protected":false},"author":2,"featured_media":0,"comment_status":"closed","ping_status":"closed","sticky":false,"template":"","format":"standard","meta":{"neve_meta_sidebar":"","neve_meta_container":"","neve_meta_enable_content_width":"","neve_meta_content_width":0,"neve_meta_title_alignment":"","neve_meta_author_avatar":"","neve_post_elements_order":"","neve_meta_disable_header":"","neve_meta_disable_footer":"","neve_meta_disable_title":"","ngg_post_thumbnail":0,"footnotes":""},"categories":[50],"tags":[],"class_list":["post-11010","post","type-post","status-publish","format-standard","hentry","category-rueckblick-2025"],"_links":{"self":[{"href":"https:\/\/www.schuetzen-radfeld.at\/index.php?rest_route=\/wp\/v2\/posts\/11010","targetHints":{"allow":["GET"]}}],"collection":[{"href":"https:\/\/www.schuetzen-radfeld.at\/index.php?rest_route=\/wp\/v2\/posts"}],"about":[{"href":"https:\/\/www.schuetzen-radfeld.at\/index.php?rest_route=\/wp\/v2\/types\/post"}],"author":[{"embeddable":true,"href":"https:\/\/www.schuetzen-radfeld.at\/index.php?rest_route=\/wp\/v2\/users\/2"}],"replies":[{"embeddable":true,"href":"https:\/\/www.schuetzen-radfeld.at\/index.php?rest_route=%2Fwp%2Fv2%2Fcomments&post=11010"}],"version-history":[{"count":4,"href":"https:\/\/www.schuetzen-radfeld.at\/index.php?rest_route=\/wp\/v2\/posts\/11010\/revisions"}],"predecessor-version":[{"id":11058,"href":"https:\/\/www.schuetzen-radfeld.at\/index.php?rest_route=\/wp\/v2\/posts\/11010\/revisions\/11058"}],"wp:attachment":[{"href":"https:\/\/www.schuetzen-radfeld.at\/index.php?rest_route=%2Fwp%2Fv2%2Fmedia&parent=11010"}],"wp:term":[{"taxonomy":"category","embeddable":true,"href":"https:\/\/www.schuetzen-radfeld.at\/index.php?rest_route=%2Fwp%2Fv2%2Fcategories&post=11010"},{"taxonomy":"post_tag","embeddable":true,"href":"https:\/\/www.schuetzen-radfeld.at\/index.php?rest_route=%2Fwp%2Fv2%2Ftags&post=11010"}],"curies":[{"name":"wp","href":"https:\/\/api.w.org\/{rel}","templated":true}]}}