{"id":11234,"date":"2025-04-12T07:23:00","date_gmt":"2025-04-12T07:23:00","guid":{"rendered":"http:\/\/www.schuetzen-radfeld.at\/?p=11234"},"modified":"2025-04-22T12:51:15","modified_gmt":"2025-04-22T12:51:15","slug":"12-04-muellsammelaktion-in-der-radfelder-gemeinde","status":"publish","type":"post","link":"https:\/\/www.schuetzen-radfeld.at\/?p=11234","title":{"rendered":"12.04.2025 M\u00fcllsammelaktion in der Radfelder Gemeinde"},"content":{"rendered":"\n<!--more-->\n\n\n\n<p><strong>Sch\u00fctzenkompanie Radfeld \u2013 M\u00fcllsammelaktion in der Gemeinde Radfeld<\/strong><\/p>\n\n\n\n<p>Ein herzliches Dankesch\u00f6n an alle Teilnehmenden sowie ihre Begleitungen f\u00fcr euren tatkr\u00e4ftigen Einsatz bei der diesj\u00e4hrigen M\u00fcllsammelaktion in unserer Gemeinde! Gemeinsam haben wir ein starkes Zeichen f\u00fcr den Umweltschutz und den Zusammenhalt in Radfeld gesetzt.<br>Vergelt&#8217;s Gott f\u00fcr euren Beitrag!<\/p>\n\n\n\n<p>Fotos SK Radfeld<\/p>\n\n\n\nngg_shortcode_0_placeholder\n","protected":false},"excerpt":{"rendered":"","protected":false},"author":2,"featured_media":0,"comment_status":"closed","ping_status":"closed","sticky":false,"template":"","format":"standard","meta":{"neve_meta_sidebar":"","neve_meta_container":"","neve_meta_enable_content_width":"","neve_meta_content_width":0,"neve_meta_title_alignment":"","neve_meta_author_avatar":"","neve_post_elements_order":"","neve_meta_disable_header":"","neve_meta_disable_footer":"","neve_meta_disable_title":"","ngg_post_thumbnail":0,"footnotes":""},"categories":[50],"tags":[],"class_list":["post-11234","post","type-post","status-publish","format-standard","hentry","category-rueckblick-2025"],"_links":{"self":[{"href":"https:\/\/www.schuetzen-radfeld.at\/index.php?rest_route=\/wp\/v2\/posts\/11234","targetHints":{"allow":["GET"]}}],"collection":[{"href":"https:\/\/www.schuetzen-radfeld.at\/index.php?rest_route=\/wp\/v2\/posts"}],"about":[{"href":"https:\/\/www.schuetzen-radfeld.at\/index.php?rest_route=\/wp\/v2\/types\/post"}],"author":[{"embeddable":true,"href":"https:\/\/www.schuetzen-radfeld.at\/index.php?rest_route=\/wp\/v2\/users\/2"}],"replies":[{"embeddable":true,"href":"https:\/\/www.schuetzen-radfeld.at\/index.php?rest_route=%2Fwp%2Fv2%2Fcomments&post=11234"}],"version-history":[{"count":7,"href":"https:\/\/www.schuetzen-radfeld.at\/index.php?rest_route=\/wp\/v2\/posts\/11234\/revisions"}],"predecessor-version":[{"id":11266,"href":"https:\/\/www.schuetzen-radfeld.at\/index.php?rest_route=\/wp\/v2\/posts\/11234\/revisions\/11266"}],"wp:attachment":[{"href":"https:\/\/www.schuetzen-radfeld.at\/index.php?rest_route=%2Fwp%2Fv2%2Fmedia&parent=11234"}],"wp:term":[{"taxonomy":"category","embeddable":true,"href":"https:\/\/www.schuetzen-radfeld.at\/index.php?rest_route=%2Fwp%2Fv2%2Fcategories&post=11234"},{"taxonomy":"post_tag","embeddable":true,"href":"https:\/\/www.schuetzen-radfeld.at\/index.php?rest_route=%2Fwp%2Fv2%2Ftags&post=11234"}],"curies":[{"name":"wp","href":"https:\/\/api.w.org\/{rel}","templated":true}]}}