{"id":11267,"date":"2025-04-25T07:55:00","date_gmt":"2025-04-25T07:55:00","guid":{"rendered":"http:\/\/www.schuetzen-radfeld.at\/?p=11267"},"modified":"2025-04-26T19:23:39","modified_gmt":"2025-04-26T19:23:39","slug":"25-04-2025-landesschiessen-in-breitenbach","status":"publish","type":"post","link":"https:\/\/www.schuetzen-radfeld.at\/?p=11267","title":{"rendered":"25.04.2025 Landesschiessen in Breitenbach"},"content":{"rendered":"<p><!--more--><\/p>\n<p class=\"\" data-start=\"112\" data-end=\"165\"><strong data-start=\"112\" data-end=\"165\">Sch\u00fctzenkompanie Radfeld beim Landesschie\u00dfen 2025<\/strong><\/p>\n<p class=\"\" data-start=\"167\" data-end=\"436\">Die Sch\u00fctzenkompanie Radfeld nahm mit gro\u00dfer Freude am Landesschie\u00dfen 2025 in Breitenbach am Inn teil. Dieses traditionsreiche Ereignis ist ein H\u00f6hepunkt im Sch\u00fctzenjahr und bietet die Gelegenheit, Gemeinschaft, Treffsicherheit und Kameradschaft zu leben und zu feiern.<\/p>\n<p class=\"\" data-start=\"438\" data-end=\"661\">Besonders stolz d\u00fcrfen wir auf die gro\u00dfartigen Leistungen unserer Sch\u00fctzen sein:<\/p>\n<p class=\"\" data-start=\"438\" data-end=\"661\"><span style=\"color: #ff0000;\"><strong data-start=\"521\" data-end=\"577\">1x Meistersch\u00fctze, 4x Gold, 1x Silber und 3x Bronze!<\/strong><\/span><br data-start=\"577\" data-end=\"580\">Wir gratulieren allen Ausgezeichneten ganz herzlich zu diesem gro\u00dfartigen Erfolg!<\/p>\n<p class=\"\" data-start=\"663\" data-end=\"797\">Ein besonderer Dank gilt auch den Veranstaltern in Breitenbach f\u00fcr die ausgezeichnete Organisation und die herzliche Gastfreundschaft.<\/p>\n<p>&nbsp;<\/p>\n\n\nngg_shortcode_0_placeholder\n","protected":false},"excerpt":{"rendered":"","protected":false},"author":2,"featured_media":0,"comment_status":"closed","ping_status":"closed","sticky":false,"template":"","format":"standard","meta":{"neve_meta_sidebar":"","neve_meta_container":"","neve_meta_enable_content_width":"","neve_meta_content_width":0,"neve_meta_title_alignment":"","neve_meta_author_avatar":"","neve_post_elements_order":"","neve_meta_disable_header":"","neve_meta_disable_footer":"","neve_meta_disable_title":"","ngg_post_thumbnail":0,"footnotes":""},"categories":[50],"tags":[],"class_list":["post-11267","post","type-post","status-publish","format-standard","hentry","category-rueckblick-2025"],"_links":{"self":[{"href":"https:\/\/www.schuetzen-radfeld.at\/index.php?rest_route=\/wp\/v2\/posts\/11267","targetHints":{"allow":["GET"]}}],"collection":[{"href":"https:\/\/www.schuetzen-radfeld.at\/index.php?rest_route=\/wp\/v2\/posts"}],"about":[{"href":"https:\/\/www.schuetzen-radfeld.at\/index.php?rest_route=\/wp\/v2\/types\/post"}],"author":[{"embeddable":true,"href":"https:\/\/www.schuetzen-radfeld.at\/index.php?rest_route=\/wp\/v2\/users\/2"}],"replies":[{"embeddable":true,"href":"https:\/\/www.schuetzen-radfeld.at\/index.php?rest_route=%2Fwp%2Fv2%2Fcomments&post=11267"}],"version-history":[{"count":2,"href":"https:\/\/www.schuetzen-radfeld.at\/index.php?rest_route=\/wp\/v2\/posts\/11267\/revisions"}],"predecessor-version":[{"id":11284,"href":"https:\/\/www.schuetzen-radfeld.at\/index.php?rest_route=\/wp\/v2\/posts\/11267\/revisions\/11284"}],"wp:attachment":[{"href":"https:\/\/www.schuetzen-radfeld.at\/index.php?rest_route=%2Fwp%2Fv2%2Fmedia&parent=11267"}],"wp:term":[{"taxonomy":"category","embeddable":true,"href":"https:\/\/www.schuetzen-radfeld.at\/index.php?rest_route=%2Fwp%2Fv2%2Fcategories&post=11267"},{"taxonomy":"post_tag","embeddable":true,"href":"https:\/\/www.schuetzen-radfeld.at\/index.php?rest_route=%2Fwp%2Fv2%2Ftags&post=11267"}],"curies":[{"name":"wp","href":"https:\/\/api.w.org\/{rel}","templated":true}]}}