{"id":11393,"date":"2025-09-21T20:00:00","date_gmt":"2025-09-21T20:00:00","guid":{"rendered":"http:\/\/www.schuetzen-radfeld.at\/?p=11393"},"modified":"2026-01-08T20:50:25","modified_gmt":"2026-01-08T20:50:25","slug":"21-09-2025-fahrzeugweihe-der-ff-radfeld-mit-landesueblicher-empfang","status":"publish","type":"post","link":"https:\/\/www.schuetzen-radfeld.at\/?p=11393","title":{"rendered":"21.09.2025 Fahrzeugweihe der FF-Radfeld mit landes\u00fcblichem Empfang"},"content":{"rendered":"<p><!--more-->Gro\u00dfer Tag f\u00fcr die Radfelder Feuerwehr!<\/p>\n<p>Das neue Tankl\u00f6schfahrzeug <span style=\"color: #ff0000;\"><strong>LFCA<\/strong><\/span>&nbsp; (L\u00f6schfahrzeug mit Containeraufbau) wurde im Rahmen einer Feldmesse am Lindenb\u00fchel gesegnet.<\/p>\n<p>Das Amt der Patin \u00fcbernahm <span style=\"color: #ff0000;\"><strong>Katharina W\u00f6ll.<\/strong><\/span><\/p>\n<p>Zu Ehren der Landesr\u00e4tin <strong><span style=\"color: #ff0000;\">Astrid Mair<\/span><\/strong> begann die Veranstaltung mit einem landes\u00fcblichen Empfang.<\/p>\n<p>Das Gesamtkommando hatte Hauptmann <span style=\"color: #ff0000;\"><strong>Johannes Gasteiger.&nbsp;<\/strong><\/span> Souver\u00e4n mit 3 exakten Ehrensalven brillierte die Sch\u00fctzenkompanie.<\/p>\n<p>Wir bedanken uns bei der <span style=\"color: #ff0000;\"><strong>FF-Radfeld<\/strong><\/span> f\u00fcr die Einladung und das gelungene Fest.<\/p>\n<h6>Bilder FF-Radfeld, SK-Radfeld<\/h6>\nngg_shortcode_0_placeholder\n<p>&nbsp;<\/p>\n<p>&nbsp;<\/p>\n<p>&nbsp;<\/p>\n\n\n<p><\/p>\n","protected":false},"excerpt":{"rendered":"","protected":false},"author":2,"featured_media":0,"comment_status":"closed","ping_status":"closed","sticky":false,"template":"","format":"standard","meta":{"neve_meta_sidebar":"","neve_meta_container":"","neve_meta_enable_content_width":"","neve_meta_content_width":0,"neve_meta_title_alignment":"","neve_meta_author_avatar":"","neve_post_elements_order":"","neve_meta_disable_header":"","neve_meta_disable_footer":"","neve_meta_disable_title":"","ngg_post_thumbnail":0,"footnotes":""},"categories":[50],"tags":[],"class_list":["post-11393","post","type-post","status-publish","format-standard","hentry","category-rueckblick-2025"],"_links":{"self":[{"href":"https:\/\/www.schuetzen-radfeld.at\/index.php?rest_route=\/wp\/v2\/posts\/11393","targetHints":{"allow":["GET"]}}],"collection":[{"href":"https:\/\/www.schuetzen-radfeld.at\/index.php?rest_route=\/wp\/v2\/posts"}],"about":[{"href":"https:\/\/www.schuetzen-radfeld.at\/index.php?rest_route=\/wp\/v2\/types\/post"}],"author":[{"embeddable":true,"href":"https:\/\/www.schuetzen-radfeld.at\/index.php?rest_route=\/wp\/v2\/users\/2"}],"replies":[{"embeddable":true,"href":"https:\/\/www.schuetzen-radfeld.at\/index.php?rest_route=%2Fwp%2Fv2%2Fcomments&post=11393"}],"version-history":[{"count":17,"href":"https:\/\/www.schuetzen-radfeld.at\/index.php?rest_route=\/wp\/v2\/posts\/11393\/revisions"}],"predecessor-version":[{"id":12090,"href":"https:\/\/www.schuetzen-radfeld.at\/index.php?rest_route=\/wp\/v2\/posts\/11393\/revisions\/12090"}],"wp:attachment":[{"href":"https:\/\/www.schuetzen-radfeld.at\/index.php?rest_route=%2Fwp%2Fv2%2Fmedia&parent=11393"}],"wp:term":[{"taxonomy":"category","embeddable":true,"href":"https:\/\/www.schuetzen-radfeld.at\/index.php?rest_route=%2Fwp%2Fv2%2Fcategories&post=11393"},{"taxonomy":"post_tag","embeddable":true,"href":"https:\/\/www.schuetzen-radfeld.at\/index.php?rest_route=%2Fwp%2Fv2%2Ftags&post=11393"}],"curies":[{"name":"wp","href":"https:\/\/api.w.org\/{rel}","templated":true}]}}