{"id":11398,"date":"2025-10-05T11:00:00","date_gmt":"2025-10-05T11:00:00","guid":{"rendered":"http:\/\/www.schuetzen-radfeld.at\/?p=11398"},"modified":"2025-10-05T16:05:10","modified_gmt":"2025-10-05T16:05:10","slug":"4-5-10-2025-bartolini-weinfest-schuetzenausflug","status":"publish","type":"post","link":"https:\/\/www.schuetzen-radfeld.at\/?p=11398","title":{"rendered":"4-5.10.2025 Bardolino Weinfest \/ Sch\u00fctzenausflug"},"content":{"rendered":"<p><!--more--><\/p>\n<p>Sch\u00fctzenausflug 2025<\/p>\n<p>Genuss und Kultur&nbsp;<\/p>\n<p>Am Samstag, 4.10.25 startete eine gutgelaunte Sch\u00fctzentruppe Richtung Gardasee.&nbsp; Das erste Ziel das traditionelle Weinfest in Bardolino. Ein gem\u00fctlicher Nachmittag mit kulinarischen Gen\u00fcssen und Wein. Die Stimmung fr\u00f6hlich und ausgelassen.<\/p>\n<p>Am fr\u00fchen Abend Abfahrt nach Verona. In die Stadt von Romeo und Julia, einer mittelalterlichen Altstadt,&nbsp; der Arena und vielem mehr.<\/p>\n<p>Nach dem Bezug des Hotels machten wir uns auf den Weg Verona zu erkunden. Ein sch\u00f6ner Abend mit viel guter Laune und gutem Essen.&nbsp;<\/p>\n<p>Am Sonntag stand leider schon wieder die Heimreise an. Im Gep\u00e4ck italienisches Flair,&nbsp; Sonne und gute Laune nahmen wir mit ins kalte und verregnete Radfeld.<\/p>\n<p>Ein rundum gelungener Ausflug 2025!<\/p>\n<ol>\n<li>&nbsp;<\/li>\n<\/ol>\n<h6>Bilder SK-Radfeld<\/h6>\nngg_shortcode_0_placeholder\n","protected":false},"excerpt":{"rendered":"","protected":false},"author":2,"featured_media":0,"comment_status":"closed","ping_status":"closed","sticky":false,"template":"","format":"standard","meta":{"neve_meta_sidebar":"","neve_meta_container":"","neve_meta_enable_content_width":"","neve_meta_content_width":0,"neve_meta_title_alignment":"","neve_meta_author_avatar":"","neve_post_elements_order":"","neve_meta_disable_header":"","neve_meta_disable_footer":"","neve_meta_disable_title":"","ngg_post_thumbnail":0,"footnotes":""},"categories":[50],"tags":[],"class_list":["post-11398","post","type-post","status-publish","format-standard","hentry","category-rueckblick-2025"],"_links":{"self":[{"href":"https:\/\/www.schuetzen-radfeld.at\/index.php?rest_route=\/wp\/v2\/posts\/11398","targetHints":{"allow":["GET"]}}],"collection":[{"href":"https:\/\/www.schuetzen-radfeld.at\/index.php?rest_route=\/wp\/v2\/posts"}],"about":[{"href":"https:\/\/www.schuetzen-radfeld.at\/index.php?rest_route=\/wp\/v2\/types\/post"}],"author":[{"embeddable":true,"href":"https:\/\/www.schuetzen-radfeld.at\/index.php?rest_route=\/wp\/v2\/users\/2"}],"replies":[{"embeddable":true,"href":"https:\/\/www.schuetzen-radfeld.at\/index.php?rest_route=%2Fwp%2Fv2%2Fcomments&post=11398"}],"version-history":[{"count":12,"href":"https:\/\/www.schuetzen-radfeld.at\/index.php?rest_route=\/wp\/v2\/posts\/11398\/revisions"}],"predecessor-version":[{"id":11638,"href":"https:\/\/www.schuetzen-radfeld.at\/index.php?rest_route=\/wp\/v2\/posts\/11398\/revisions\/11638"}],"wp:attachment":[{"href":"https:\/\/www.schuetzen-radfeld.at\/index.php?rest_route=%2Fwp%2Fv2%2Fmedia&parent=11398"}],"wp:term":[{"taxonomy":"category","embeddable":true,"href":"https:\/\/www.schuetzen-radfeld.at\/index.php?rest_route=%2Fwp%2Fv2%2Fcategories&post=11398"},{"taxonomy":"post_tag","embeddable":true,"href":"https:\/\/www.schuetzen-radfeld.at\/index.php?rest_route=%2Fwp%2Fv2%2Ftags&post=11398"}],"curies":[{"name":"wp","href":"https:\/\/api.w.org\/{rel}","templated":true}]}}