{"id":11433,"date":"2025-08-03T12:00:00","date_gmt":"2025-08-03T12:00:00","guid":{"rendered":"http:\/\/www.schuetzen-radfeld.at\/?p=11433"},"modified":"2025-09-05T14:11:26","modified_gmt":"2025-09-05T14:11:26","slug":"03-08-2025-neuzugaenge-sk-radfeld","status":"publish","type":"post","link":"https:\/\/www.schuetzen-radfeld.at\/?p=11433","title":{"rendered":"03.08.2025 Neuzug\u00e4nge SK-Radfeld"},"content":{"rendered":"<p><!--more--><\/p>\n\n\n<p>Unsere Kompanie konnte am 3.August unsere neuen Marketenderinnen  Eva Hotter, Katharina W\u00f6ll und Sch\u00fctzen Robert Kolb mit einem 3-fachen Sch\u00fctzenheil begr\u00fc\u00dfen.&#x1f64c;<\/p>\n\n\nngg_shortcode_0_placeholder\n\n\n<p>Bilder SK-Radfeld<\/p>\n","protected":false},"excerpt":{"rendered":"","protected":false},"author":2,"featured_media":0,"comment_status":"closed","ping_status":"closed","sticky":false,"template":"","format":"standard","meta":{"neve_meta_sidebar":"","neve_meta_container":"","neve_meta_enable_content_width":"","neve_meta_content_width":0,"neve_meta_title_alignment":"","neve_meta_author_avatar":"","neve_post_elements_order":"","neve_meta_disable_header":"","neve_meta_disable_footer":"","neve_meta_disable_title":"","ngg_post_thumbnail":0,"footnotes":""},"categories":[50],"tags":[],"class_list":["post-11433","post","type-post","status-publish","format-standard","hentry","category-rueckblick-2025"],"_links":{"self":[{"href":"https:\/\/www.schuetzen-radfeld.at\/index.php?rest_route=\/wp\/v2\/posts\/11433","targetHints":{"allow":["GET"]}}],"collection":[{"href":"https:\/\/www.schuetzen-radfeld.at\/index.php?rest_route=\/wp\/v2\/posts"}],"about":[{"href":"https:\/\/www.schuetzen-radfeld.at\/index.php?rest_route=\/wp\/v2\/types\/post"}],"author":[{"embeddable":true,"href":"https:\/\/www.schuetzen-radfeld.at\/index.php?rest_route=\/wp\/v2\/users\/2"}],"replies":[{"embeddable":true,"href":"https:\/\/www.schuetzen-radfeld.at\/index.php?rest_route=%2Fwp%2Fv2%2Fcomments&post=11433"}],"version-history":[{"count":5,"href":"https:\/\/www.schuetzen-radfeld.at\/index.php?rest_route=\/wp\/v2\/posts\/11433\/revisions"}],"predecessor-version":[{"id":11465,"href":"https:\/\/www.schuetzen-radfeld.at\/index.php?rest_route=\/wp\/v2\/posts\/11433\/revisions\/11465"}],"wp:attachment":[{"href":"https:\/\/www.schuetzen-radfeld.at\/index.php?rest_route=%2Fwp%2Fv2%2Fmedia&parent=11433"}],"wp:term":[{"taxonomy":"category","embeddable":true,"href":"https:\/\/www.schuetzen-radfeld.at\/index.php?rest_route=%2Fwp%2Fv2%2Fcategories&post=11433"},{"taxonomy":"post_tag","embeddable":true,"href":"https:\/\/www.schuetzen-radfeld.at\/index.php?rest_route=%2Fwp%2Fv2%2Ftags&post=11433"}],"curies":[{"name":"wp","href":"https:\/\/api.w.org\/{rel}","templated":true}]}}