{"id":12113,"date":"2026-02-26T20:00:00","date_gmt":"2026-02-26T20:00:00","guid":{"rendered":"http:\/\/www.schuetzen-radfeld.at\/?p=12113"},"modified":"2026-03-04T10:03:02","modified_gmt":"2026-03-04T10:03:02","slug":"26-02-2026-schuetzenschnurschiessen-training-und-bewerb-in-kramsach","status":"publish","type":"post","link":"https:\/\/www.schuetzen-radfeld.at\/?p=12113","title":{"rendered":"26.02.2026 Sch\u00fctzenschnurschie\u00dfen Training und Bewerb in Kramsach"},"content":{"rendered":"<p><!--more--><\/p>\n<p>Heute war das Sch\u00fctzenschnurschie\u00dfen (mit dem Luftgewehr) in Kramsach auf dem Programm!<\/p>\n<p>Schu\u00dfaufsicht war Ehrenhauptmann<strong>&nbsp;Josef Ager<\/strong>&nbsp;aus Bad H\u00e4ring!<\/p>\n<p>Danke Pepi f\u00fcrs kemma.<\/p>\n<p>Danke&nbsp;<strong>Daniel Holzknecht<\/strong>&nbsp;und <strong>Stefan<\/strong> (Sch\u00fctzengilde Kramsach) f\u00fcr die tolle Abwicklung dieser Schie\u00dfveranstaltung.<\/p>\n<p><span style=\"color: #ffcc00;\"><strong>Gold<\/strong>&nbsp;<strong>ging an unserem Hauptmann Johannes Gasteiger!<\/strong><\/span><\/p>\n<p>Wir gratulieren!<\/p>\n<p>Bilder SK-Radfeld<\/p>\nngg_shortcode_0_placeholder\n","protected":false},"excerpt":{"rendered":"","protected":false},"author":2,"featured_media":0,"comment_status":"closed","ping_status":"closed","sticky":false,"template":"","format":"standard","meta":{"neve_meta_sidebar":"","neve_meta_container":"","neve_meta_enable_content_width":"","neve_meta_content_width":0,"neve_meta_title_alignment":"","neve_meta_author_avatar":"","neve_post_elements_order":"","neve_meta_disable_header":"","neve_meta_disable_footer":"","neve_meta_disable_title":"","ngg_post_thumbnail":0,"footnotes":""},"categories":[54],"tags":[],"class_list":["post-12113","post","type-post","status-publish","format-standard","hentry","category-archiv-2026"],"_links":{"self":[{"href":"https:\/\/www.schuetzen-radfeld.at\/index.php?rest_route=\/wp\/v2\/posts\/12113","targetHints":{"allow":["GET"]}}],"collection":[{"href":"https:\/\/www.schuetzen-radfeld.at\/index.php?rest_route=\/wp\/v2\/posts"}],"about":[{"href":"https:\/\/www.schuetzen-radfeld.at\/index.php?rest_route=\/wp\/v2\/types\/post"}],"author":[{"embeddable":true,"href":"https:\/\/www.schuetzen-radfeld.at\/index.php?rest_route=\/wp\/v2\/users\/2"}],"replies":[{"embeddable":true,"href":"https:\/\/www.schuetzen-radfeld.at\/index.php?rest_route=%2Fwp%2Fv2%2Fcomments&post=12113"}],"version-history":[{"count":4,"href":"https:\/\/www.schuetzen-radfeld.at\/index.php?rest_route=\/wp\/v2\/posts\/12113\/revisions"}],"predecessor-version":[{"id":12336,"href":"https:\/\/www.schuetzen-radfeld.at\/index.php?rest_route=\/wp\/v2\/posts\/12113\/revisions\/12336"}],"wp:attachment":[{"href":"https:\/\/www.schuetzen-radfeld.at\/index.php?rest_route=%2Fwp%2Fv2%2Fmedia&parent=12113"}],"wp:term":[{"taxonomy":"category","embeddable":true,"href":"https:\/\/www.schuetzen-radfeld.at\/index.php?rest_route=%2Fwp%2Fv2%2Fcategories&post=12113"},{"taxonomy":"post_tag","embeddable":true,"href":"https:\/\/www.schuetzen-radfeld.at\/index.php?rest_route=%2Fwp%2Fv2%2Ftags&post=12113"}],"curies":[{"name":"wp","href":"https:\/\/api.w.org\/{rel}","templated":true}]}}