{"id":12118,"date":"2026-03-14T23:00:00","date_gmt":"2026-03-14T23:00:00","guid":{"rendered":"http:\/\/www.schuetzen-radfeld.at\/?p=12118"},"modified":"2026-03-15T16:17:23","modified_gmt":"2026-03-15T16:17:23","slug":"14-03-2026-35-jahreshauptversammlung-sk-radfeld","status":"publish","type":"post","link":"https:\/\/www.schuetzen-radfeld.at\/?p=12118","title":{"rendered":"14.03.2026 35. Jahreshauptversammlung SK Radfeld"},"content":{"rendered":"<p><!--more--><\/p>\n<p>Bei einer Messe in der Bricciuskirche Radfeld am 14.03.2026, gestaltet durch Herrn Pfarrprovisor Dr.Dr.Dr. Manfred Thaler, haben wir unseren verstorbenen Sch\u00fctzenkameraden gedacht.<\/p>\n<p>F\u00fcr die musikalische Umrahmung sorgte die Radfelder Chorgemeinschaft mitgestaltet von unseren Kameraden Pepi Stubenvoll und Ralph Joham.<\/p>\n<p>Im Anschluss an den Gottesdienst und die Ehrensalve zu Ehren Gottes, fand im <strong>Haus der Gemeinschaft <\/strong>die <span style=\"color: #339966;\">35.Jahreshauptversammlung der Sch\u00fctzenkompanie Radfeld<\/span> statt.<\/p>\n<p>Obmann Harald Zwischenberger begr\u00fc\u00dfte die Ehreng\u00e4ste, Pfarrprovisor Manfred Thaler, B\u00fcrgermeister&nbsp; Obj. Josef Auer und er\u00f6ffnete mit dem Verlesen des Protokolls die Jahreshauptversammlung 2026.<\/p>\n<p>Schriftf\u00fchrerin Lena Naschberger gab einen R\u00fcckblick auf das Jahr 2025.<\/p>\n<p>Es folgten die Berichte der Kommandantschaftsmitglieder, die Entlastung des Kassiers und des Ausschusses.<\/p>\n<p>Hauptmann Johannes Gasteiger bedankte sich bei seiner Kompanie f\u00fcr die zahlreichen Ausr\u00fcckungen und f\u00fcr die tolle Salve beim Sch\u00fctzenjahrtag.<\/p>\n<p><span style=\"color: #339966;\"><strong>Etwas Besonderes galt es zu feiern!<\/strong><\/span><\/p>\n<p>Langzeithauptmann und&nbsp; Langzeitf\u00e4hnrich <strong>Christian Kern und Reinhold Winkler,<\/strong> die das Amt bis M\u00e4rz 2025 inne hatten, wurden mit Kommandantschaftsbeschlu\u00df bei der Jahreshauptversammlung zum <strong>Ehrenhauptmann <\/strong>und<strong> Ehrenf\u00e4hnrich<\/strong>&nbsp;der Sch\u00fctzenkompanie Radfeld ernannt!<\/p>\n<p>Wir gratulierten&nbsp; Christian und Reinhold mit einer<strong>&nbsp;Ehrenurkunde<\/strong>&nbsp;und tosendem Applaus!<\/p>\n<p>Dieses Jahr fand wieder ein Sch\u00fctzenschnurschie\u00dfen in Kramsach statt:<\/p>\n<p>Die Kompanie gratulierte unserem Hauptmann. <span style=\"color: #339966;\"><strong>Johannes Gasteiger<\/strong> \u2013 <strong>Gold<\/strong><\/span><\/p>\n<p>Dienstgradbef\u00f6rderungen \u00dcberreichung durch Hauptmann Johannes Gasteiger und Obmann Harald Zwischenberger:<\/p>\n<p>Zum&nbsp;<strong>Zugsf\u00fchrer<\/strong> wurden ernannt: Ralph Joham und Manuel Haider.<\/p>\n<p>Zum<strong>&nbsp;Unterj\u00e4ger<\/strong> wurden ernannt: Kevin Mrazek und Gerhard Schwetz.<\/p>\n<p>Zum&nbsp;<strong>Patrouillenf\u00fchrer<\/strong> wurde ernannt: Markus Leimgruber.<\/p>\n<p>Das Wort wurde dann an B\u00fcrgermeister <strong>Oberj\u00e4ger Josef Auer<\/strong> weitergegeben und dieser bedankte sich bei der Kompanie f\u00fcr die Ausr\u00fcckungen im letzten Jahr und lobte das sehr lebendige Radfelder Vereinsleben.<\/p>\n<p>Pfarrprovisor&nbsp; <strong>Manfred Thaler<\/strong> bedankte sich f\u00fcr die zahlreichen kirchlichen Ausr\u00fcckungen in der Pfarrgemeinde.<\/p>\n<p>Herzlichen Dank an <strong>Markus Leimgruber<\/strong> f\u00fcr das tolle Essen. (Frittatensuppe und Tafelspitz mit verschiedenen Beilagen)&#x1f60b;<\/p>\n<p>Bilder SK-Radfeld<\/p>\nngg_shortcode_0_placeholder\n","protected":false},"excerpt":{"rendered":"","protected":false},"author":2,"featured_media":0,"comment_status":"closed","ping_status":"closed","sticky":false,"template":"","format":"standard","meta":{"neve_meta_sidebar":"","neve_meta_container":"","neve_meta_enable_content_width":"","neve_meta_content_width":0,"neve_meta_title_alignment":"","neve_meta_author_avatar":"","neve_post_elements_order":"","neve_meta_disable_header":"","neve_meta_disable_footer":"","neve_meta_disable_title":"","ngg_post_thumbnail":0,"footnotes":""},"categories":[54],"tags":[],"class_list":["post-12118","post","type-post","status-publish","format-standard","hentry","category-archiv-2026"],"_links":{"self":[{"href":"https:\/\/www.schuetzen-radfeld.at\/index.php?rest_route=\/wp\/v2\/posts\/12118","targetHints":{"allow":["GET"]}}],"collection":[{"href":"https:\/\/www.schuetzen-radfeld.at\/index.php?rest_route=\/wp\/v2\/posts"}],"about":[{"href":"https:\/\/www.schuetzen-radfeld.at\/index.php?rest_route=\/wp\/v2\/types\/post"}],"author":[{"embeddable":true,"href":"https:\/\/www.schuetzen-radfeld.at\/index.php?rest_route=\/wp\/v2\/users\/2"}],"replies":[{"embeddable":true,"href":"https:\/\/www.schuetzen-radfeld.at\/index.php?rest_route=%2Fwp%2Fv2%2Fcomments&post=12118"}],"version-history":[{"count":10,"href":"https:\/\/www.schuetzen-radfeld.at\/index.php?rest_route=\/wp\/v2\/posts\/12118\/revisions"}],"predecessor-version":[{"id":12408,"href":"https:\/\/www.schuetzen-radfeld.at\/index.php?rest_route=\/wp\/v2\/posts\/12118\/revisions\/12408"}],"wp:attachment":[{"href":"https:\/\/www.schuetzen-radfeld.at\/index.php?rest_route=%2Fwp%2Fv2%2Fmedia&parent=12118"}],"wp:term":[{"taxonomy":"category","embeddable":true,"href":"https:\/\/www.schuetzen-radfeld.at\/index.php?rest_route=%2Fwp%2Fv2%2Fcategories&post=12118"},{"taxonomy":"post_tag","embeddable":true,"href":"https:\/\/www.schuetzen-radfeld.at\/index.php?rest_route=%2Fwp%2Fv2%2Ftags&post=12118"}],"curies":[{"name":"wp","href":"https:\/\/api.w.org\/{rel}","templated":true}]}}