{"id":1565,"date":"2015-03-12T08:51:46","date_gmt":"2015-03-12T08:51:46","guid":{"rendered":"http:\/\/www.schuetzen-radfeld.at\/?p=1565"},"modified":"2016-06-16T05:50:59","modified_gmt":"2016-06-16T05:50:59","slug":"12-03-2016-27-jahreshauptversammlung","status":"publish","type":"post","link":"https:\/\/www.schuetzen-radfeld.at\/?p=1565","title":{"rendered":"12.03.2016 Jahreshauptversammlung (27. Sch\u00fctzenjahrtag)"},"content":{"rendered":"<p><!--more--><\/p>\n<p style=\"text-align: left;\" align=\"center\"><strong>F\u00fchrungswechsel bei der Sch\u00fctzenkompanie Radfeld<\/strong><\/p>\n<p style=\"text-align: left;\">Bei der diesj\u00e4hrigen Hauptversammlung am 12.M\u00e4rz standen Neuwahlen an.Nach 27 verdienstvollen Jahren legte Obmann Prantl Franz sein Amt zur\u00fcck und legte dieses vertrauensvoll in die H\u00e4nde von H\u00f6lzl Erich.Mit \u201eStanding Ovation\u201c bedankten sich seine Kameraden f\u00fcr seine jahrelange, aufopfernde und intensive Arbeit zum Wohle des Sch\u00fctzenvereins Radfeld. Auch Bgm. Josef Auer, seines Zeichens Oberj\u00e4ger bei der Sch\u00fctzenkompanie Radfeld, bedankte sich im Namen der Gemeinde f\u00fcr die vielen ehrenamtlichen Stunden, die Prantl Franz f\u00fcr die Gemeinde und die Sch\u00fctzen geleistet hat.Als kleine Aufmerksamkeit \u00fcbergab die Kommandantschaft einen Reisegutschein f\u00fcr Franz und seine Gattin und hoffen, dass sich beide gut erholen und Franz der neuen F\u00fchrungsriege weiterhin tatkr\u00e4ftig zur Seite steht.Bei den folgenden Wahlen wurden einstimmig neu gew\u00e4hlt:<\/p>\n<p style=\"text-align: left;\">Obmann H\u00f6lzl Erich und Schriftf\u00fchrer und Chronist Robert Hintner.<\/p>\n<p style=\"text-align: left;\">Der restliche Ausschuss in ihren Positionen best\u00e4tigt.<\/p>\n<p style=\"text-align: left;\">ngg_shortcode_0_placeholder<\/p>\n<p style=\"text-align: left;\">(Foto Ortschronist Ing.Horst Duftner)<\/p>\n","protected":false},"excerpt":{"rendered":"","protected":false},"author":2,"featured_media":0,"comment_status":"closed","ping_status":"closed","sticky":false,"template":"","format":"standard","meta":{"neve_meta_sidebar":"","neve_meta_container":"","neve_meta_enable_content_width":"","neve_meta_content_width":0,"neve_meta_title_alignment":"","neve_meta_author_avatar":"","neve_post_elements_order":"","neve_meta_disable_header":"","neve_meta_disable_footer":"","neve_meta_disable_title":"","ngg_post_thumbnail":0,"footnotes":""},"categories":[30],"tags":[],"class_list":["post-1565","post","type-post","status-publish","format-standard","hentry","category-archiv-2016"],"_links":{"self":[{"href":"https:\/\/www.schuetzen-radfeld.at\/index.php?rest_route=\/wp\/v2\/posts\/1565","targetHints":{"allow":["GET"]}}],"collection":[{"href":"https:\/\/www.schuetzen-radfeld.at\/index.php?rest_route=\/wp\/v2\/posts"}],"about":[{"href":"https:\/\/www.schuetzen-radfeld.at\/index.php?rest_route=\/wp\/v2\/types\/post"}],"author":[{"embeddable":true,"href":"https:\/\/www.schuetzen-radfeld.at\/index.php?rest_route=\/wp\/v2\/users\/2"}],"replies":[{"embeddable":true,"href":"https:\/\/www.schuetzen-radfeld.at\/index.php?rest_route=%2Fwp%2Fv2%2Fcomments&post=1565"}],"version-history":[{"count":26,"href":"https:\/\/www.schuetzen-radfeld.at\/index.php?rest_route=\/wp\/v2\/posts\/1565\/revisions"}],"predecessor-version":[{"id":2055,"href":"https:\/\/www.schuetzen-radfeld.at\/index.php?rest_route=\/wp\/v2\/posts\/1565\/revisions\/2055"}],"wp:attachment":[{"href":"https:\/\/www.schuetzen-radfeld.at\/index.php?rest_route=%2Fwp%2Fv2%2Fmedia&parent=1565"}],"wp:term":[{"taxonomy":"category","embeddable":true,"href":"https:\/\/www.schuetzen-radfeld.at\/index.php?rest_route=%2Fwp%2Fv2%2Fcategories&post=1565"},{"taxonomy":"post_tag","embeddable":true,"href":"https:\/\/www.schuetzen-radfeld.at\/index.php?rest_route=%2Fwp%2Fv2%2Ftags&post=1565"}],"curies":[{"name":"wp","href":"https:\/\/api.w.org\/{rel}","templated":true}]}}