{"id":1577,"date":"2015-07-09T08:56:43","date_gmt":"2015-07-09T08:56:43","guid":{"rendered":"http:\/\/www.schuetzen-radfeld.at\/?p=1577"},"modified":"2016-07-10T11:41:01","modified_gmt":"2016-07-10T11:41:01","slug":"09-07-2016-dorffest","status":"publish","type":"post","link":"https:\/\/www.schuetzen-radfeld.at\/?p=1577","title":{"rendered":"09.07.2016 Dorffest"},"content":{"rendered":"<p><!--more--><\/p>\n<p>Bei Bilderbuchwetter fand am Samstag das Dorffest statt. Das warme Sommerwetter lockte zahlreiche G\u00e4ste an. Gefeiert wurde im bayrischen Biergarten, bei Wei\u00dfbier und bayrischen Schmankerln und im Gemeindezentrum bei typisch tirolerischen Gen\u00fcssen! F\u00fcr beste Stimmung sorgte die Gruppe Alpenfieber.<\/p>\n<p style=\"text-align: center;\"><strong><span style=\"color: #339966;\">Danke an alle G\u00e4ste, die der Einladung gefolgt sind und mit der Sch\u00fctzenkompanie gefeiert haben!<\/span><br \/>\n<\/strong><\/p>\n<p><strong><span style=\"color: #339966;\"><br \/>\n<\/span><\/strong><\/p>\nngg_shortcode_0_placeholder\n","protected":false},"excerpt":{"rendered":"","protected":false},"author":2,"featured_media":0,"comment_status":"closed","ping_status":"closed","sticky":false,"template":"","format":"standard","meta":{"neve_meta_sidebar":"","neve_meta_container":"","neve_meta_enable_content_width":"","neve_meta_content_width":0,"neve_meta_title_alignment":"","neve_meta_author_avatar":"","neve_post_elements_order":"","neve_meta_disable_header":"","neve_meta_disable_footer":"","neve_meta_disable_title":"","ngg_post_thumbnail":0,"footnotes":""},"categories":[30],"tags":[],"class_list":["post-1577","post","type-post","status-publish","format-standard","hentry","category-archiv-2016"],"_links":{"self":[{"href":"https:\/\/www.schuetzen-radfeld.at\/index.php?rest_route=\/wp\/v2\/posts\/1577","targetHints":{"allow":["GET"]}}],"collection":[{"href":"https:\/\/www.schuetzen-radfeld.at\/index.php?rest_route=\/wp\/v2\/posts"}],"about":[{"href":"https:\/\/www.schuetzen-radfeld.at\/index.php?rest_route=\/wp\/v2\/types\/post"}],"author":[{"embeddable":true,"href":"https:\/\/www.schuetzen-radfeld.at\/index.php?rest_route=\/wp\/v2\/users\/2"}],"replies":[{"embeddable":true,"href":"https:\/\/www.schuetzen-radfeld.at\/index.php?rest_route=%2Fwp%2Fv2%2Fcomments&post=1577"}],"version-history":[{"count":13,"href":"https:\/\/www.schuetzen-radfeld.at\/index.php?rest_route=\/wp\/v2\/posts\/1577\/revisions"}],"predecessor-version":[{"id":2124,"href":"https:\/\/www.schuetzen-radfeld.at\/index.php?rest_route=\/wp\/v2\/posts\/1577\/revisions\/2124"}],"wp:attachment":[{"href":"https:\/\/www.schuetzen-radfeld.at\/index.php?rest_route=%2Fwp%2Fv2%2Fmedia&parent=1577"}],"wp:term":[{"taxonomy":"category","embeddable":true,"href":"https:\/\/www.schuetzen-radfeld.at\/index.php?rest_route=%2Fwp%2Fv2%2Fcategories&post=1577"},{"taxonomy":"post_tag","embeddable":true,"href":"https:\/\/www.schuetzen-radfeld.at\/index.php?rest_route=%2Fwp%2Fv2%2Ftags&post=1577"}],"curies":[{"name":"wp","href":"https:\/\/api.w.org\/{rel}","templated":true}]}}