{"id":1583,"date":"2015-11-06T09:07:33","date_gmt":"2015-11-06T09:07:33","guid":{"rendered":"http:\/\/www.schuetzen-radfeld.at\/?p=1583"},"modified":"2021-10-25T12:07:29","modified_gmt":"2021-10-25T12:07:29","slug":"06-11-2016-heldengedenken","status":"publish","type":"post","link":"https:\/\/www.schuetzen-radfeld.at\/?p=1583","title":{"rendered":"06.11.2016 Totengedenken"},"content":{"rendered":"<p><!--more--><\/p>\n<p style=\"text-align: center;\"><span style=\"color: #000080;\">\u201cDer Wettergott hat es nicht gut gemeint mit uns&#8220;<\/span><\/p>\n<p>Fu\u00dfmarsch (heute mit kleiner Trommel) im str\u00f6menden Regen zum Gottesdienst und anschlie\u00dfender Kranzniederlegung.<\/p>\n<p>Wir trotzten dem Wetter und r\u00fcckten gemeinsam mit der freiwilligen Feuerwehr mit einer starken Truppe aus.<\/p>\n<p>Danach lud die Gemeinde Radfeld zum Mittagsessen in die Pension Alpenblick ein.<\/p>\n<p style=\"text-align: center;\"><span style=\"color: #ff0000;\">DANKE<\/span><\/p>\n<p>&nbsp;<\/p>\n<p>&nbsp;<\/p>\nngg_shortcode_0_placeholder\n","protected":false},"excerpt":{"rendered":"","protected":false},"author":2,"featured_media":0,"comment_status":"closed","ping_status":"closed","sticky":false,"template":"","format":"standard","meta":{"neve_meta_sidebar":"","neve_meta_container":"","neve_meta_enable_content_width":"","neve_meta_content_width":0,"neve_meta_title_alignment":"","neve_meta_author_avatar":"","neve_post_elements_order":"","neve_meta_disable_header":"","neve_meta_disable_footer":"","neve_meta_disable_title":"","ngg_post_thumbnail":0,"footnotes":""},"categories":[30],"tags":[],"class_list":["post-1583","post","type-post","status-publish","format-standard","hentry","category-archiv-2016"],"_links":{"self":[{"href":"https:\/\/www.schuetzen-radfeld.at\/index.php?rest_route=\/wp\/v2\/posts\/1583","targetHints":{"allow":["GET"]}}],"collection":[{"href":"https:\/\/www.schuetzen-radfeld.at\/index.php?rest_route=\/wp\/v2\/posts"}],"about":[{"href":"https:\/\/www.schuetzen-radfeld.at\/index.php?rest_route=\/wp\/v2\/types\/post"}],"author":[{"embeddable":true,"href":"https:\/\/www.schuetzen-radfeld.at\/index.php?rest_route=\/wp\/v2\/users\/2"}],"replies":[{"embeddable":true,"href":"https:\/\/www.schuetzen-radfeld.at\/index.php?rest_route=%2Fwp%2Fv2%2Fcomments&post=1583"}],"version-history":[{"count":13,"href":"https:\/\/www.schuetzen-radfeld.at\/index.php?rest_route=\/wp\/v2\/posts\/1583\/revisions"}],"predecessor-version":[{"id":8894,"href":"https:\/\/www.schuetzen-radfeld.at\/index.php?rest_route=\/wp\/v2\/posts\/1583\/revisions\/8894"}],"wp:attachment":[{"href":"https:\/\/www.schuetzen-radfeld.at\/index.php?rest_route=%2Fwp%2Fv2%2Fmedia&parent=1583"}],"wp:term":[{"taxonomy":"category","embeddable":true,"href":"https:\/\/www.schuetzen-radfeld.at\/index.php?rest_route=%2Fwp%2Fv2%2Fcategories&post=1583"},{"taxonomy":"post_tag","embeddable":true,"href":"https:\/\/www.schuetzen-radfeld.at\/index.php?rest_route=%2Fwp%2Fv2%2Ftags&post=1583"}],"curies":[{"name":"wp","href":"https:\/\/api.w.org\/{rel}","templated":true}]}}