{"id":1830,"date":"2015-07-13T09:17:54","date_gmt":"2015-07-13T09:17:54","guid":{"rendered":"http:\/\/www.schuetzen-radfeld.at\/?p=1830"},"modified":"2016-07-14T12:34:39","modified_gmt":"2016-07-14T12:34:39","slug":"13-07-2016-platzkonzert-ausschank-stadtmusikkapelle-rattenber-radfeld","status":"publish","type":"post","link":"https:\/\/www.schuetzen-radfeld.at\/?p=1830","title":{"rendered":"13.07.2016 Platzkonzert Ausschank (Stadtmusikkapelle Rattenberg-Radfeld)"},"content":{"rendered":"<p><!--more--><\/p>\n<p style=\"text-align: center;\">Sommerkonzert bei herbstlichem Wetter!<\/p>\n<p>Das k\u00fchle Wetter tat der guten Stimmung beim Sommerkonzert keinen Abbruch. Die Stadtmusikkapelle Rattenberg-Radfeld erw\u00e4rmte die Herzen mit guter Musik und die Sch\u00fctzenkompanie sorgte f\u00fcr w\u00e4rmende Verpflegung!<\/p>\n<p><strong><span style=\"color: #003300;\"><br \/>\n<\/span><\/strong><\/p>\nngg_shortcode_0_placeholder\n","protected":false},"excerpt":{"rendered":"","protected":false},"author":2,"featured_media":0,"comment_status":"closed","ping_status":"closed","sticky":false,"template":"","format":"standard","meta":{"neve_meta_sidebar":"","neve_meta_container":"","neve_meta_enable_content_width":"","neve_meta_content_width":0,"neve_meta_title_alignment":"","neve_meta_author_avatar":"","neve_post_elements_order":"","neve_meta_disable_header":"","neve_meta_disable_footer":"","neve_meta_disable_title":"","ngg_post_thumbnail":0,"footnotes":""},"categories":[30],"tags":[],"class_list":["post-1830","post","type-post","status-publish","format-standard","hentry","category-archiv-2016"],"_links":{"self":[{"href":"https:\/\/www.schuetzen-radfeld.at\/index.php?rest_route=\/wp\/v2\/posts\/1830","targetHints":{"allow":["GET"]}}],"collection":[{"href":"https:\/\/www.schuetzen-radfeld.at\/index.php?rest_route=\/wp\/v2\/posts"}],"about":[{"href":"https:\/\/www.schuetzen-radfeld.at\/index.php?rest_route=\/wp\/v2\/types\/post"}],"author":[{"embeddable":true,"href":"https:\/\/www.schuetzen-radfeld.at\/index.php?rest_route=\/wp\/v2\/users\/2"}],"replies":[{"embeddable":true,"href":"https:\/\/www.schuetzen-radfeld.at\/index.php?rest_route=%2Fwp%2Fv2%2Fcomments&post=1830"}],"version-history":[{"count":15,"href":"https:\/\/www.schuetzen-radfeld.at\/index.php?rest_route=\/wp\/v2\/posts\/1830\/revisions"}],"predecessor-version":[{"id":2133,"href":"https:\/\/www.schuetzen-radfeld.at\/index.php?rest_route=\/wp\/v2\/posts\/1830\/revisions\/2133"}],"wp:attachment":[{"href":"https:\/\/www.schuetzen-radfeld.at\/index.php?rest_route=%2Fwp%2Fv2%2Fmedia&parent=1830"}],"wp:term":[{"taxonomy":"category","embeddable":true,"href":"https:\/\/www.schuetzen-radfeld.at\/index.php?rest_route=%2Fwp%2Fv2%2Fcategories&post=1830"},{"taxonomy":"post_tag","embeddable":true,"href":"https:\/\/www.schuetzen-radfeld.at\/index.php?rest_route=%2Fwp%2Fv2%2Ftags&post=1830"}],"curies":[{"name":"wp","href":"https:\/\/api.w.org\/{rel}","templated":true}]}}