{"id":4952,"date":"2018-02-17T15:00:30","date_gmt":"2018-02-17T15:00:30","guid":{"rendered":"http:\/\/www.schuetzen-radfeld.at\/?p=4952"},"modified":"2018-02-17T21:12:54","modified_gmt":"2018-02-17T21:12:54","slug":"27-01-2018-kompaniestockschiessen","status":"publish","type":"post","link":"https:\/\/www.schuetzen-radfeld.at\/?p=4952","title":{"rendered":"17.02.2018 Kompaniestockschie\u00dfen"},"content":{"rendered":"<p><!--more--><\/p>\n<p><span style=\"color: #0000ff;\"><strong>Stock Heil auf der Stocksportanlage Radfeld!<\/strong><\/span><\/p>\n<p>ein sportlicher Nachmittag stand am Programm.<\/p>\n<p>Kompaniestockschie\u00dfen 2018<\/p>\n<p>Die Auslosung der 5. Teams nahmen Obmann <span style=\"color: #0000ff;\"><strong>Erich H\u00f6lzl<\/strong><\/span> und Sektionsleiter-Turnierleiter <span style=\"color: #0000ff;\"><strong>Pepi Stubenvoll<\/strong><\/span> vor.<\/p>\n<p><span style=\"color: #0000ff;\"><strong>1. Platz-Team 1:<\/strong><\/span> M\u00fchlegger Adi, Prantl Franz, Demetz Peter und Winkler Kathrin<\/p>\n<p><span style=\"color: #0000ff;\"><strong>2. Platz-Team 2:<\/strong><\/span> Zwischenberger Tamara, Aldrian Resi, Stubenvoll Renate und Lentner Martha<\/p>\n<p><span style=\"color: #0000ff;\"><strong>3. Platz-Team 3:<\/strong><\/span> Aldrian Erich, Zwischenberger Harald, Kern Christian und Stubenvoll Josef<\/p>\n<p><span style=\"color: #0000ff;\"><strong>4. Platz-Team 4: <\/strong><\/span>Hansj\u00f6rg W\u00f6ll, Peter Walser, Robert Hintner und Schwetz Gerhard<\/p>\n<p><strong><span style=\"color: #0000ff;\">5. Platz-Team 5<\/span>:<\/strong> Hirner Andreas, Mayr Albert, H\u00f6lzl Erich und H\u00f6lzl Maria<\/p>\n<p><span style=\"color: #0000ff;\"><strong>Ein herzliches Dankesch\u00f6n unseren Helfer, Pepi Stubenvoll und Franz Prantl f\u00fcr den sch\u00f6nen Tag und die perfekte Organisation!<\/strong><\/span><\/p>\nngg_shortcode_0_placeholder\n","protected":false},"excerpt":{"rendered":"","protected":false},"author":2,"featured_media":0,"comment_status":"closed","ping_status":"closed","sticky":false,"template":"","format":"standard","meta":{"neve_meta_sidebar":"","neve_meta_container":"","neve_meta_enable_content_width":"","neve_meta_content_width":0,"neve_meta_title_alignment":"","neve_meta_author_avatar":"","neve_post_elements_order":"","neve_meta_disable_header":"","neve_meta_disable_footer":"","neve_meta_disable_title":"","ngg_post_thumbnail":0,"footnotes":""},"categories":[39],"tags":[],"class_list":["post-4952","post","type-post","status-publish","format-standard","hentry","category-rueckblick-2018"],"_links":{"self":[{"href":"https:\/\/www.schuetzen-radfeld.at\/index.php?rest_route=\/wp\/v2\/posts\/4952","targetHints":{"allow":["GET"]}}],"collection":[{"href":"https:\/\/www.schuetzen-radfeld.at\/index.php?rest_route=\/wp\/v2\/posts"}],"about":[{"href":"https:\/\/www.schuetzen-radfeld.at\/index.php?rest_route=\/wp\/v2\/types\/post"}],"author":[{"embeddable":true,"href":"https:\/\/www.schuetzen-radfeld.at\/index.php?rest_route=\/wp\/v2\/users\/2"}],"replies":[{"embeddable":true,"href":"https:\/\/www.schuetzen-radfeld.at\/index.php?rest_route=%2Fwp%2Fv2%2Fcomments&post=4952"}],"version-history":[{"count":8,"href":"https:\/\/www.schuetzen-radfeld.at\/index.php?rest_route=\/wp\/v2\/posts\/4952\/revisions"}],"predecessor-version":[{"id":5318,"href":"https:\/\/www.schuetzen-radfeld.at\/index.php?rest_route=\/wp\/v2\/posts\/4952\/revisions\/5318"}],"wp:attachment":[{"href":"https:\/\/www.schuetzen-radfeld.at\/index.php?rest_route=%2Fwp%2Fv2%2Fmedia&parent=4952"}],"wp:term":[{"taxonomy":"category","embeddable":true,"href":"https:\/\/www.schuetzen-radfeld.at\/index.php?rest_route=%2Fwp%2Fv2%2Fcategories&post=4952"},{"taxonomy":"post_tag","embeddable":true,"href":"https:\/\/www.schuetzen-radfeld.at\/index.php?rest_route=%2Fwp%2Fv2%2Ftags&post=4952"}],"curies":[{"name":"wp","href":"https:\/\/api.w.org\/{rel}","templated":true}]}}