{"id":4959,"date":"2018-05-27T15:00:56","date_gmt":"2018-05-27T15:00:56","guid":{"rendered":"http:\/\/www.schuetzen-radfeld.at\/?p=4959"},"modified":"2018-05-28T18:00:37","modified_gmt":"2018-05-28T18:00:37","slug":"27-05-2018-alpenregionstreffen-in-mayrhofen","status":"publish","type":"post","link":"https:\/\/www.schuetzen-radfeld.at\/?p=4959","title":{"rendered":"27.05.2018 Alpenregionstreffen in Mayrhofen"},"content":{"rendered":"<p><!--more--><\/p>\n<p>Mit dem Bus nach Mayrhofen zum 25. Alpenregionstreffen<\/p>\n<p>Ein Treffen der Sch\u00fctzensonderklasse!<\/p>\n<p>10600 Sch\u00fctzen und Marketenderinnen marschierten bei herrlichem Sommerwetter im Trachtenumzug. Unz\u00e4hlige Zuschauer s\u00e4umten ihren Weg und erfreuten sich an dem farbenpr\u00e4chtigen Bild.<\/p>\n<p>Mit einem 3-fachem Sch\u00fctzen Heil wurde Marketenderin<span style=\"color: #ff0000;\"> <strong>Sophia Schwetz <\/strong><\/span>willkommen gehei\u00dfen.<\/p>\n<p><a href=\"http:\/\/www.tiroler-schuetzen.at\/php\/25_alperegionstreffen_teilnehmerrekord_mit_10682_trachtentraegerinnen_im_zillertal,427,30552.html\">25. Alpenregionstreffen Mayrhofen<\/a><\/p>\nngg_shortcode_0_placeholder\n","protected":false},"excerpt":{"rendered":"","protected":false},"author":2,"featured_media":0,"comment_status":"closed","ping_status":"closed","sticky":false,"template":"","format":"standard","meta":{"neve_meta_sidebar":"","neve_meta_container":"","neve_meta_enable_content_width":"","neve_meta_content_width":0,"neve_meta_title_alignment":"","neve_meta_author_avatar":"","neve_post_elements_order":"","neve_meta_disable_header":"","neve_meta_disable_footer":"","neve_meta_disable_title":"","ngg_post_thumbnail":0,"footnotes":""},"categories":[39],"tags":[],"class_list":["post-4959","post","type-post","status-publish","format-standard","hentry","category-rueckblick-2018"],"_links":{"self":[{"href":"https:\/\/www.schuetzen-radfeld.at\/index.php?rest_route=\/wp\/v2\/posts\/4959","targetHints":{"allow":["GET"]}}],"collection":[{"href":"https:\/\/www.schuetzen-radfeld.at\/index.php?rest_route=\/wp\/v2\/posts"}],"about":[{"href":"https:\/\/www.schuetzen-radfeld.at\/index.php?rest_route=\/wp\/v2\/types\/post"}],"author":[{"embeddable":true,"href":"https:\/\/www.schuetzen-radfeld.at\/index.php?rest_route=\/wp\/v2\/users\/2"}],"replies":[{"embeddable":true,"href":"https:\/\/www.schuetzen-radfeld.at\/index.php?rest_route=%2Fwp%2Fv2%2Fcomments&post=4959"}],"version-history":[{"count":11,"href":"https:\/\/www.schuetzen-radfeld.at\/index.php?rest_route=\/wp\/v2\/posts\/4959\/revisions"}],"predecessor-version":[{"id":5746,"href":"https:\/\/www.schuetzen-radfeld.at\/index.php?rest_route=\/wp\/v2\/posts\/4959\/revisions\/5746"}],"wp:attachment":[{"href":"https:\/\/www.schuetzen-radfeld.at\/index.php?rest_route=%2Fwp%2Fv2%2Fmedia&parent=4959"}],"wp:term":[{"taxonomy":"category","embeddable":true,"href":"https:\/\/www.schuetzen-radfeld.at\/index.php?rest_route=%2Fwp%2Fv2%2Fcategories&post=4959"},{"taxonomy":"post_tag","embeddable":true,"href":"https:\/\/www.schuetzen-radfeld.at\/index.php?rest_route=%2Fwp%2Fv2%2Ftags&post=4959"}],"curies":[{"name":"wp","href":"https:\/\/api.w.org\/{rel}","templated":true}]}}