{"id":4961,"date":"2018-05-23T18:00:41","date_gmt":"2018-05-23T18:00:41","guid":{"rendered":"http:\/\/www.schuetzen-radfeld.at\/?p=4961"},"modified":"2018-05-23T19:53:43","modified_gmt":"2018-05-23T19:53:43","slug":"29-05-2018-maiandacht-herz-jesu-in-der-au","status":"publish","type":"post","link":"https:\/\/www.schuetzen-radfeld.at\/?p=4961","title":{"rendered":"23.05.2018 Maiandacht &#8222;Herz-Jesu in der Au&#8220;"},"content":{"rendered":"<p><!--more--><\/p>\n<p>Heute trafen wir uns bei der&nbsp;<span style=\"color: #000080;\"><strong>Sch\u00fctzenkapelle Herz-Jesu in der Au <\/strong><\/span>zur&nbsp;Maiandacht.<\/p>\n<p>Diakon <span style=\"color: #000080;\"><strong>Franz Margreiter<\/strong><\/span> sprach die Gebete,&nbsp; Marketenderin<span style=\"color: #000080;\"><strong> Lena Naschberger<\/strong><\/span> trug die Lesung vor und Zugsf\u00fchrer <span style=\"color: #000080;\"><strong>Hansj\u00f6rg W\u00f6ll<\/strong><\/span> die F\u00fcrbitten.<\/p>\n<p>F\u00fcr das leibliche Wohl sorgten Obmann Erich H\u00f6lzl, Ehrenobmann Franz Prantl, Kassier Harald Zwischenberger, Zugsf\u00fchrer Christian Stock und Hauptmann Christian Kern.<\/p>\n<p><span style=\"color: #000080;\"><strong>AN ALLE EIN HERZLICHES DANKESCH\u00d6N<\/strong><\/span><\/p>\n<h3>alle personen dieser Veranstaltung erkl\u00e4ren sich einverstanden, dass die Bilder auf der Homepage der Sch\u00fctzenkompanie Radfeld und anderen Medien verwendet werden d\u00fcrfen.<\/h3>\n<p>(Fotos und Text SF Robert Hintner)<\/p>\nngg_shortcode_0_placeholder\n<p>&nbsp;<\/p>\n<p>&nbsp;<\/p>\n<p>&nbsp;<\/p>\n","protected":false},"excerpt":{"rendered":"","protected":false},"author":2,"featured_media":0,"comment_status":"closed","ping_status":"closed","sticky":false,"template":"","format":"standard","meta":{"neve_meta_sidebar":"","neve_meta_container":"","neve_meta_enable_content_width":"","neve_meta_content_width":0,"neve_meta_title_alignment":"","neve_meta_author_avatar":"","neve_post_elements_order":"","neve_meta_disable_header":"","neve_meta_disable_footer":"","neve_meta_disable_title":"","ngg_post_thumbnail":0,"footnotes":""},"categories":[39],"tags":[],"class_list":["post-4961","post","type-post","status-publish","format-standard","hentry","category-rueckblick-2018"],"_links":{"self":[{"href":"https:\/\/www.schuetzen-radfeld.at\/index.php?rest_route=\/wp\/v2\/posts\/4961","targetHints":{"allow":["GET"]}}],"collection":[{"href":"https:\/\/www.schuetzen-radfeld.at\/index.php?rest_route=\/wp\/v2\/posts"}],"about":[{"href":"https:\/\/www.schuetzen-radfeld.at\/index.php?rest_route=\/wp\/v2\/types\/post"}],"author":[{"embeddable":true,"href":"https:\/\/www.schuetzen-radfeld.at\/index.php?rest_route=\/wp\/v2\/users\/2"}],"replies":[{"embeddable":true,"href":"https:\/\/www.schuetzen-radfeld.at\/index.php?rest_route=%2Fwp%2Fv2%2Fcomments&post=4961"}],"version-history":[{"count":10,"href":"https:\/\/www.schuetzen-radfeld.at\/index.php?rest_route=\/wp\/v2\/posts\/4961\/revisions"}],"predecessor-version":[{"id":5651,"href":"https:\/\/www.schuetzen-radfeld.at\/index.php?rest_route=\/wp\/v2\/posts\/4961\/revisions\/5651"}],"wp:attachment":[{"href":"https:\/\/www.schuetzen-radfeld.at\/index.php?rest_route=%2Fwp%2Fv2%2Fmedia&parent=4961"}],"wp:term":[{"taxonomy":"category","embeddable":true,"href":"https:\/\/www.schuetzen-radfeld.at\/index.php?rest_route=%2Fwp%2Fv2%2Fcategories&post=4961"},{"taxonomy":"post_tag","embeddable":true,"href":"https:\/\/www.schuetzen-radfeld.at\/index.php?rest_route=%2Fwp%2Fv2%2Ftags&post=4961"}],"curies":[{"name":"wp","href":"https:\/\/api.w.org\/{rel}","templated":true}]}}