{"id":4976,"date":"2018-10-07T15:00:19","date_gmt":"2018-10-07T15:00:19","guid":{"rendered":"http:\/\/www.schuetzen-radfeld.at\/?p=4976"},"modified":"2018-11-12T13:42:56","modified_gmt":"2018-11-12T13:42:56","slug":"30-09-2018-erntedank","status":"publish","type":"post","link":"https:\/\/www.schuetzen-radfeld.at\/?p=4976","title":{"rendered":"07.10.2018 Erntedank"},"content":{"rendered":"<p><!--more--><\/p>\n<p><span style=\"color: #008000;\"><strong>Erntedank in Radfeld<\/strong><\/span><\/p>\n<p>Eine wundersch\u00f6ne Erntedankkrone und ein buntbeladener Obst-und Gem\u00fcsewagen zeigen wieder, wie erfolgreich dieses Jahr f\u00fcr unsere Bauern war. Nach dem Gottesdienst und einer perfekten Salve wurde das Zwiebelturmfest gefeiert.<\/p>\n<p>(Fotos Ortschronist Ing.Horst Duftner)<\/p>\n<p><a href=\"https:\/\/klaus-madersbacher.blogspot.com\/2018\/10\/radfelder-erntedank-zwiebelturmfest.html\">Bericht und Bilder Klaus Madersbacher Rofankurier<\/a><\/p>\nngg_shortcode_0_placeholder\n","protected":false},"excerpt":{"rendered":"","protected":false},"author":2,"featured_media":0,"comment_status":"closed","ping_status":"closed","sticky":false,"template":"","format":"standard","meta":{"neve_meta_sidebar":"","neve_meta_container":"","neve_meta_enable_content_width":"","neve_meta_content_width":0,"neve_meta_title_alignment":"","neve_meta_author_avatar":"","neve_post_elements_order":"","neve_meta_disable_header":"","neve_meta_disable_footer":"","neve_meta_disable_title":"","ngg_post_thumbnail":0,"footnotes":""},"categories":[39],"tags":[],"class_list":["post-4976","post","type-post","status-publish","format-standard","hentry","category-rueckblick-2018"],"_links":{"self":[{"href":"https:\/\/www.schuetzen-radfeld.at\/index.php?rest_route=\/wp\/v2\/posts\/4976","targetHints":{"allow":["GET"]}}],"collection":[{"href":"https:\/\/www.schuetzen-radfeld.at\/index.php?rest_route=\/wp\/v2\/posts"}],"about":[{"href":"https:\/\/www.schuetzen-radfeld.at\/index.php?rest_route=\/wp\/v2\/types\/post"}],"author":[{"embeddable":true,"href":"https:\/\/www.schuetzen-radfeld.at\/index.php?rest_route=\/wp\/v2\/users\/2"}],"replies":[{"embeddable":true,"href":"https:\/\/www.schuetzen-radfeld.at\/index.php?rest_route=%2Fwp%2Fv2%2Fcomments&post=4976"}],"version-history":[{"count":9,"href":"https:\/\/www.schuetzen-radfeld.at\/index.php?rest_route=\/wp\/v2\/posts\/4976\/revisions"}],"predecessor-version":[{"id":6726,"href":"https:\/\/www.schuetzen-radfeld.at\/index.php?rest_route=\/wp\/v2\/posts\/4976\/revisions\/6726"}],"wp:attachment":[{"href":"https:\/\/www.schuetzen-radfeld.at\/index.php?rest_route=%2Fwp%2Fv2%2Fmedia&parent=4976"}],"wp:term":[{"taxonomy":"category","embeddable":true,"href":"https:\/\/www.schuetzen-radfeld.at\/index.php?rest_route=%2Fwp%2Fv2%2Fcategories&post=4976"},{"taxonomy":"post_tag","embeddable":true,"href":"https:\/\/www.schuetzen-radfeld.at\/index.php?rest_route=%2Fwp%2Fv2%2Ftags&post=4976"}],"curies":[{"name":"wp","href":"https:\/\/api.w.org\/{rel}","templated":true}]}}