{"id":4981,"date":"2018-11-11T14:00:09","date_gmt":"2018-11-11T14:00:09","guid":{"rendered":"http:\/\/www.schuetzen-radfeld.at\/?p=4981"},"modified":"2018-11-12T13:45:43","modified_gmt":"2018-11-12T13:45:43","slug":"11-11-2018-bricciusfest","status":"publish","type":"post","link":"https:\/\/www.schuetzen-radfeld.at\/?p=4981","title":{"rendered":"11.11.2018 Bricciusfest"},"content":{"rendered":"<p><!--more--><\/p>\n<p>&#8230; heute feierten wir das Fest des <span style=\"color: #008000;\"><strong>Hl. Briccius<\/strong><\/span>.<\/p>\n<p>Die Sch\u00fczenkompanie Radfeld spendet einen Teil des Erl\u00f6ses vom Bricciusfest f\u00fcr das neue Schindeldach am Zwiebelturm.<\/p>\n<p>wir <span style=\"color: #008000;\"><strong>B E D A N K E N<\/strong><\/span> uns bei der Radfelder Bev\u00f6lkerung f\u00fcr die rege Teilnahme.<\/p>\n<p>(Fotos Ortschronist Ing.Horst Duftner und SF Robert Hintner)<\/p>\nngg_shortcode_0_placeholder\n","protected":false},"excerpt":{"rendered":"","protected":false},"author":2,"featured_media":0,"comment_status":"closed","ping_status":"closed","sticky":false,"template":"","format":"standard","meta":{"neve_meta_sidebar":"","neve_meta_container":"","neve_meta_enable_content_width":"","neve_meta_content_width":0,"neve_meta_title_alignment":"","neve_meta_author_avatar":"","neve_post_elements_order":"","neve_meta_disable_header":"","neve_meta_disable_footer":"","neve_meta_disable_title":"","ngg_post_thumbnail":0,"footnotes":""},"categories":[39],"tags":[],"class_list":["post-4981","post","type-post","status-publish","format-standard","hentry","category-rueckblick-2018"],"_links":{"self":[{"href":"https:\/\/www.schuetzen-radfeld.at\/index.php?rest_route=\/wp\/v2\/posts\/4981","targetHints":{"allow":["GET"]}}],"collection":[{"href":"https:\/\/www.schuetzen-radfeld.at\/index.php?rest_route=\/wp\/v2\/posts"}],"about":[{"href":"https:\/\/www.schuetzen-radfeld.at\/index.php?rest_route=\/wp\/v2\/types\/post"}],"author":[{"embeddable":true,"href":"https:\/\/www.schuetzen-radfeld.at\/index.php?rest_route=\/wp\/v2\/users\/2"}],"replies":[{"embeddable":true,"href":"https:\/\/www.schuetzen-radfeld.at\/index.php?rest_route=%2Fwp%2Fv2%2Fcomments&post=4981"}],"version-history":[{"count":13,"href":"https:\/\/www.schuetzen-radfeld.at\/index.php?rest_route=\/wp\/v2\/posts\/4981\/revisions"}],"predecessor-version":[{"id":6730,"href":"https:\/\/www.schuetzen-radfeld.at\/index.php?rest_route=\/wp\/v2\/posts\/4981\/revisions\/6730"}],"wp:attachment":[{"href":"https:\/\/www.schuetzen-radfeld.at\/index.php?rest_route=%2Fwp%2Fv2%2Fmedia&parent=4981"}],"wp:term":[{"taxonomy":"category","embeddable":true,"href":"https:\/\/www.schuetzen-radfeld.at\/index.php?rest_route=%2Fwp%2Fv2%2Fcategories&post=4981"},{"taxonomy":"post_tag","embeddable":true,"href":"https:\/\/www.schuetzen-radfeld.at\/index.php?rest_route=%2Fwp%2Fv2%2Ftags&post=4981"}],"curies":[{"name":"wp","href":"https:\/\/api.w.org\/{rel}","templated":true}]}}