{"id":4986,"date":"2018-12-22T13:00:30","date_gmt":"2018-12-22T13:00:30","guid":{"rendered":"http:\/\/www.schuetzen-radfeld.at\/?p=4986"},"modified":"2018-12-23T08:25:28","modified_gmt":"2018-12-23T08:25:28","slug":"22-12-2018-schuetzenweihnacht-die-30igste","status":"publish","type":"post","link":"https:\/\/www.schuetzen-radfeld.at\/?p=4986","title":{"rendered":"22.12.2018 Sch\u00fctzenweihnacht  (30.igste)"},"content":{"rendered":"<p><!--more--><\/p>\n<p>&#8230;..ein Jahr geht zu Ende und die letzte Veransstaltung in ist die traditionelle<\/p>\n<p><span style=\"color: #008000;\"><strong>30. igste Sch\u00fctzenweihnacht<\/strong>.<\/span><\/p>\n<p>Ab 18:30 Uhr maschierten Sch\u00fctzen aus den Ortsteilen mit Fackeln zur Kirche, anschlie\u00dfend feierten wir den Gottesdienst mit unserem Pfarrprovisor Roland Fr\u00fchauf.<\/p>\n<p>Besinnlich zur Weihnacht f\u00fchrten die <strong><span style=\"color: #008000;\">Familienmusik Rohregger<\/span><\/strong> aus Brandenberg und die <span style=\"color: #008000;\"><strong>Kramsacher Ankl\u00f6pfler<\/strong><\/span> sowie weihnachtliche Texte und Gedichte gesprochen von Kameraden der Kompanie.<\/p>\n<p>Pepi Stubenvoll lie\u00df 30 Jahre Sch\u00fctzenleben Revue passieren.<\/p>\n<p>Unserem Sch\u00fctzenkameraden<span style=\"color: #008000;\"> Hansj\u00f6rg W\u00f6ll<\/span> und <span style=\"color: #008000;\">Josef Stubenvoll<\/span> f\u00fcr die Organisation <span style=\"color: #008000;\"><strong>DANKE!<\/strong><\/span><\/p>\n<p>&#8230;..im Anschluss an diese besinnliche Stunde trafen wir uns im Hotel<span style=\"color: #008000;\"> <strong>&#8222;Sonnhof&#8220;<\/strong><\/span> zur&nbsp; Weihnachtsfeier.<\/p>\n<p><span style=\"color: #008000;\"><strong>Die Sch\u00fctzenkompanie w\u00fcnscht allen Radfelderinnen und Radfeldern frohe Weihnachten und ein gesegntes Jahr 2019<\/strong><\/span><\/p>\nngg_shortcode_0_placeholder\n","protected":false},"excerpt":{"rendered":"","protected":false},"author":2,"featured_media":0,"comment_status":"closed","ping_status":"closed","sticky":false,"template":"","format":"standard","meta":{"neve_meta_sidebar":"","neve_meta_container":"","neve_meta_enable_content_width":"","neve_meta_content_width":0,"neve_meta_title_alignment":"","neve_meta_author_avatar":"","neve_post_elements_order":"","neve_meta_disable_header":"","neve_meta_disable_footer":"","neve_meta_disable_title":"","ngg_post_thumbnail":0,"footnotes":""},"categories":[39],"tags":[],"class_list":["post-4986","post","type-post","status-publish","format-standard","hentry","category-rueckblick-2018"],"_links":{"self":[{"href":"https:\/\/www.schuetzen-radfeld.at\/index.php?rest_route=\/wp\/v2\/posts\/4986","targetHints":{"allow":["GET"]}}],"collection":[{"href":"https:\/\/www.schuetzen-radfeld.at\/index.php?rest_route=\/wp\/v2\/posts"}],"about":[{"href":"https:\/\/www.schuetzen-radfeld.at\/index.php?rest_route=\/wp\/v2\/types\/post"}],"author":[{"embeddable":true,"href":"https:\/\/www.schuetzen-radfeld.at\/index.php?rest_route=\/wp\/v2\/users\/2"}],"replies":[{"embeddable":true,"href":"https:\/\/www.schuetzen-radfeld.at\/index.php?rest_route=%2Fwp%2Fv2%2Fcomments&post=4986"}],"version-history":[{"count":11,"href":"https:\/\/www.schuetzen-radfeld.at\/index.php?rest_route=\/wp\/v2\/posts\/4986\/revisions"}],"predecessor-version":[{"id":6819,"href":"https:\/\/www.schuetzen-radfeld.at\/index.php?rest_route=\/wp\/v2\/posts\/4986\/revisions\/6819"}],"wp:attachment":[{"href":"https:\/\/www.schuetzen-radfeld.at\/index.php?rest_route=%2Fwp%2Fv2%2Fmedia&parent=4986"}],"wp:term":[{"taxonomy":"category","embeddable":true,"href":"https:\/\/www.schuetzen-radfeld.at\/index.php?rest_route=%2Fwp%2Fv2%2Fcategories&post=4986"},{"taxonomy":"post_tag","embeddable":true,"href":"https:\/\/www.schuetzen-radfeld.at\/index.php?rest_route=%2Fwp%2Fv2%2Ftags&post=4986"}],"curies":[{"name":"wp","href":"https:\/\/api.w.org\/{rel}","templated":true}]}}