{"id":5504,"date":"2018-05-30T19:00:23","date_gmt":"2018-05-30T19:00:23","guid":{"rendered":"http:\/\/www.schuetzen-radfeld.at\/?p=5504"},"modified":"2018-05-30T21:34:14","modified_gmt":"2018-05-30T21:34:14","slug":"30-05-2017-50ger-geburtstagsfeier-von-gerhard-schwetz","status":"publish","type":"post","link":"https:\/\/www.schuetzen-radfeld.at\/?p=5504","title":{"rendered":"30.05.2018 50ger Geburtstagsfeier von Gerhard Schwetz"},"content":{"rendered":"<p><!--more--><\/p>\n<p><span style=\"color: #333399;\"><strong>\u201c50 is a da Gerhard\u201d<\/strong><\/span><\/p>\n<p>Unter diesem Motto stand diese gelungene Geburtstagsfeier. Die Sch\u00fctzenkameraden bedanken sich f\u00fcr den geselligen Abend mit sp\u00e4tem Ausklang bei ihrem Sch\u00fctzenkameraden Patrouillenf\u00fchrer <span style=\"color: #333399;\"><strong>Gerhard Schwetz<\/strong>!<\/span><\/p>\n<p><span style=\"color: #333399;\"><strong>Danke Gerhard!<\/strong><\/span><\/p>\nngg_shortcode_0_placeholder\n","protected":false},"excerpt":{"rendered":"","protected":false},"author":2,"featured_media":0,"comment_status":"closed","ping_status":"closed","sticky":false,"template":"","format":"standard","meta":{"neve_meta_sidebar":"","neve_meta_container":"","neve_meta_enable_content_width":"","neve_meta_content_width":0,"neve_meta_title_alignment":"","neve_meta_author_avatar":"","neve_post_elements_order":"","neve_meta_disable_header":"","neve_meta_disable_footer":"","neve_meta_disable_title":"","ngg_post_thumbnail":0,"footnotes":""},"categories":[39],"tags":[],"class_list":["post-5504","post","type-post","status-publish","format-standard","hentry","category-rueckblick-2018"],"_links":{"self":[{"href":"https:\/\/www.schuetzen-radfeld.at\/index.php?rest_route=\/wp\/v2\/posts\/5504","targetHints":{"allow":["GET"]}}],"collection":[{"href":"https:\/\/www.schuetzen-radfeld.at\/index.php?rest_route=\/wp\/v2\/posts"}],"about":[{"href":"https:\/\/www.schuetzen-radfeld.at\/index.php?rest_route=\/wp\/v2\/types\/post"}],"author":[{"embeddable":true,"href":"https:\/\/www.schuetzen-radfeld.at\/index.php?rest_route=\/wp\/v2\/users\/2"}],"replies":[{"embeddable":true,"href":"https:\/\/www.schuetzen-radfeld.at\/index.php?rest_route=%2Fwp%2Fv2%2Fcomments&post=5504"}],"version-history":[{"count":10,"href":"https:\/\/www.schuetzen-radfeld.at\/index.php?rest_route=\/wp\/v2\/posts\/5504\/revisions"}],"predecessor-version":[{"id":5853,"href":"https:\/\/www.schuetzen-radfeld.at\/index.php?rest_route=\/wp\/v2\/posts\/5504\/revisions\/5853"}],"wp:attachment":[{"href":"https:\/\/www.schuetzen-radfeld.at\/index.php?rest_route=%2Fwp%2Fv2%2Fmedia&parent=5504"}],"wp:term":[{"taxonomy":"category","embeddable":true,"href":"https:\/\/www.schuetzen-radfeld.at\/index.php?rest_route=%2Fwp%2Fv2%2Fcategories&post=5504"},{"taxonomy":"post_tag","embeddable":true,"href":"https:\/\/www.schuetzen-radfeld.at\/index.php?rest_route=%2Fwp%2Fv2%2Ftags&post=5504"}],"curies":[{"name":"wp","href":"https:\/\/api.w.org\/{rel}","templated":true}]}}