{"id":5595,"date":"2018-08-26T13:00:03","date_gmt":"2018-08-26T13:00:03","guid":{"rendered":"http:\/\/www.schuetzen-radfeld.at\/?p=5595"},"modified":"2018-10-07T19:24:35","modified_gmt":"2018-10-07T19:24:35","slug":"26-08-2018-gruendungsfest-josef-rainer-schuetzenkompanie-soell","status":"publish","type":"post","link":"https:\/\/www.schuetzen-radfeld.at\/?p=5595","title":{"rendered":"26.08.2018 Gr\u00fcndungsfest &#8222;Josef Rainer Sch\u00fctzenkompanie S\u00f6ll&#8220;"},"content":{"rendered":"<p><!--more--><\/p>\n<p>Aufmarsch der Kompanien bei str\u00f6mendem Regen!<\/p>\n<p>Trotz widriger Wetterverh\u00e4ltnisse ein gelungenes Fest. Wir waren dabei!<\/p>\n<p>Stellverdretend f\u00fcr unsern Hauptmann f\u00fchrte Obmann <strong><span style=\"color: #008000;\">Erich H\u00f6lzl<\/span><\/strong> die Kompanie heute an.<\/p>\n<p>Nach der Feldmesse und dem Aufmarsch der Sch\u00fctzen, dann der gem\u00fctliche Teil mit gutem Essen und Trinken im Festzelt.<\/p>\n<p>Fahnenbandspenderin der Radfelder Sch\u00fctzen war<span style=\"color: #008000;\"> <strong>Magdalena Eisenmann.<\/strong><\/span><\/p>\n<p><strong><span style=\"color: #008000;\">DANKE<\/span><\/strong><\/p>\n<p>Ein Lob und Dank an die Veranstalter!<\/p>\n<p><strong><span style=\"color: #993300;\">Wir w\u00fcnschen der Josef Rainer Sch\u00fctzenkompanie S\u00f6ll f\u00fcr die weitere Zukunft viel Erfolg und alles Gute!<\/span><\/strong><\/p>\n<p>(Fotos SF Robert Hintner)<\/p>\n<p><a href=\"http:\/\/archiv.rofankurier.at\/cms\/index.php\/component\/k2\/item\/4468-ueber-1-000-tiroler-schuetzen-beim-gruendungsfest-der-josef-rainer-schuetzenkompanie-soell\">Bericht und Bilder Klaus Madersbacher Rofankurier<\/a><\/p>\nngg_shortcode_0_placeholder\n","protected":false},"excerpt":{"rendered":"","protected":false},"author":2,"featured_media":0,"comment_status":"closed","ping_status":"closed","sticky":false,"template":"","format":"standard","meta":{"neve_meta_sidebar":"","neve_meta_container":"","neve_meta_enable_content_width":"","neve_meta_content_width":0,"neve_meta_title_alignment":"","neve_meta_author_avatar":"","neve_post_elements_order":"","neve_meta_disable_header":"","neve_meta_disable_footer":"","neve_meta_disable_title":"","ngg_post_thumbnail":0,"footnotes":""},"categories":[39],"tags":[],"class_list":["post-5595","post","type-post","status-publish","format-standard","hentry","category-rueckblick-2018"],"_links":{"self":[{"href":"https:\/\/www.schuetzen-radfeld.at\/index.php?rest_route=\/wp\/v2\/posts\/5595","targetHints":{"allow":["GET"]}}],"collection":[{"href":"https:\/\/www.schuetzen-radfeld.at\/index.php?rest_route=\/wp\/v2\/posts"}],"about":[{"href":"https:\/\/www.schuetzen-radfeld.at\/index.php?rest_route=\/wp\/v2\/types\/post"}],"author":[{"embeddable":true,"href":"https:\/\/www.schuetzen-radfeld.at\/index.php?rest_route=\/wp\/v2\/users\/2"}],"replies":[{"embeddable":true,"href":"https:\/\/www.schuetzen-radfeld.at\/index.php?rest_route=%2Fwp%2Fv2%2Fcomments&post=5595"}],"version-history":[{"count":15,"href":"https:\/\/www.schuetzen-radfeld.at\/index.php?rest_route=\/wp\/v2\/posts\/5595\/revisions"}],"predecessor-version":[{"id":6516,"href":"https:\/\/www.schuetzen-radfeld.at\/index.php?rest_route=\/wp\/v2\/posts\/5595\/revisions\/6516"}],"wp:attachment":[{"href":"https:\/\/www.schuetzen-radfeld.at\/index.php?rest_route=%2Fwp%2Fv2%2Fmedia&parent=5595"}],"wp:term":[{"taxonomy":"category","embeddable":true,"href":"https:\/\/www.schuetzen-radfeld.at\/index.php?rest_route=%2Fwp%2Fv2%2Fcategories&post=5595"},{"taxonomy":"post_tag","embeddable":true,"href":"https:\/\/www.schuetzen-radfeld.at\/index.php?rest_route=%2Fwp%2Fv2%2Ftags&post=5595"}],"curies":[{"name":"wp","href":"https:\/\/api.w.org\/{rel}","templated":true}]}}