{"id":5921,"date":"2018-08-11T21:00:00","date_gmt":"2018-08-11T21:00:00","guid":{"rendered":"http:\/\/www.schuetzen-radfeld.at\/?p=5921"},"modified":"2018-10-03T12:03:08","modified_gmt":"2018-10-03T12:03:08","slug":"11-08-2018-30-jaeriges-wiedergruendungsfest-der-schuetzenkompanie-kund-fahnenabordnung9","status":"publish","type":"post","link":"https:\/\/www.schuetzen-radfeld.at\/?p=5921","title":{"rendered":"11.08.2018 30-j\u00e4hriges Jubil\u00e4umsfest der Sch\u00fctzenkompanie Kundl (Fahnenabordnung)"},"content":{"rendered":"<p><!--more--><\/p>\n<p>Samstag den 11. August lud die Sch\u00fctzenkompanie Kundl zu ihrem<\/p>\n<p><span style=\"color: #800080;\"><strong>&#8222;3<\/strong><strong>0 Jahre Jubil\u00e4umsfest&#8220;<\/strong><\/span> ein.<\/p>\n<p>Bei herrlichem Wetter eine gelungene Veranstaltung der SK-Kundl.<\/p>\n<div id=\"gkPage\" class=\"gkMain gkWrap\">\n<div id=\"gkPageWrap\">\n<div id=\"mainContent\" class=\"clear\">\n<div id=\"gkMain\">\n<div id=\"gkMainBlock\" class=\"gkMain\">\n<div id=\"gkContent\" class=\"gkMain gkCol \">\n<div id=\"gkContentMainbody\" class=\"gkMain \">\n<div id=\"gkComponentWrap\" class=\"gkMain \">\n<div id=\"gkMainbody\" class=\"gkMain\">\n<div id=\"gkMainbodyWrap\">\n<div id=\"gkComponent\">\n<div id=\"k2Container\" class=\"itemView\">\n<div class=\"itemBody\">\n<div class=\"itemFullText\">F\u00fcr die Sch\u00fctzenkompanie Radfeld waren Hptm. Christian Kern, Ehrenobmann Franz Prantl, F\u00e4hnrich Manfred Winkler und Oberj\u00e4ger Josef Stubenvoll dabei.<\/div>\n<p><span style=\"color: #808080;\">(Fotos Klaus Madersbacher)<\/span><\/p>\n<div>\nngg_shortcode_0_placeholder\n<\/div>\n<\/div>\n<div>&nbsp;<\/div>\n<\/div>\n<\/div>\n<\/div>\n<\/div>\n<\/div>\n<\/div>\n<\/div>\n<\/div>\n<\/div>\n<\/div>\n<\/div>\n<\/div>\n","protected":false},"excerpt":{"rendered":"","protected":false},"author":2,"featured_media":0,"comment_status":"closed","ping_status":"closed","sticky":false,"template":"","format":"standard","meta":{"neve_meta_sidebar":"","neve_meta_container":"","neve_meta_enable_content_width":"","neve_meta_content_width":0,"neve_meta_title_alignment":"","neve_meta_author_avatar":"","neve_post_elements_order":"","neve_meta_disable_header":"","neve_meta_disable_footer":"","neve_meta_disable_title":"","ngg_post_thumbnail":0,"footnotes":""},"categories":[39],"tags":[],"class_list":["post-5921","post","type-post","status-publish","format-standard","hentry","category-rueckblick-2018"],"_links":{"self":[{"href":"https:\/\/www.schuetzen-radfeld.at\/index.php?rest_route=\/wp\/v2\/posts\/5921","targetHints":{"allow":["GET"]}}],"collection":[{"href":"https:\/\/www.schuetzen-radfeld.at\/index.php?rest_route=\/wp\/v2\/posts"}],"about":[{"href":"https:\/\/www.schuetzen-radfeld.at\/index.php?rest_route=\/wp\/v2\/types\/post"}],"author":[{"embeddable":true,"href":"https:\/\/www.schuetzen-radfeld.at\/index.php?rest_route=\/wp\/v2\/users\/2"}],"replies":[{"embeddable":true,"href":"https:\/\/www.schuetzen-radfeld.at\/index.php?rest_route=%2Fwp%2Fv2%2Fcomments&post=5921"}],"version-history":[{"count":13,"href":"https:\/\/www.schuetzen-radfeld.at\/index.php?rest_route=\/wp\/v2\/posts\/5921\/revisions"}],"predecessor-version":[{"id":6480,"href":"https:\/\/www.schuetzen-radfeld.at\/index.php?rest_route=\/wp\/v2\/posts\/5921\/revisions\/6480"}],"wp:attachment":[{"href":"https:\/\/www.schuetzen-radfeld.at\/index.php?rest_route=%2Fwp%2Fv2%2Fmedia&parent=5921"}],"wp:term":[{"taxonomy":"category","embeddable":true,"href":"https:\/\/www.schuetzen-radfeld.at\/index.php?rest_route=%2Fwp%2Fv2%2Fcategories&post=5921"},{"taxonomy":"post_tag","embeddable":true,"href":"https:\/\/www.schuetzen-radfeld.at\/index.php?rest_route=%2Fwp%2Fv2%2Ftags&post=5921"}],"curies":[{"name":"wp","href":"https:\/\/api.w.org\/{rel}","templated":true}]}}