{"id":6578,"date":"2018-11-05T16:00:45","date_gmt":"2018-11-05T16:00:45","guid":{"rendered":"http:\/\/www.schuetzen-radfeld.at\/?p=6578"},"modified":"2018-11-06T05:16:16","modified_gmt":"2018-11-06T05:16:16","slug":"05-11-2018-beerdigung-von-e-hptm-alois-mutschlechner-abordnung","status":"publish","type":"post","link":"https:\/\/www.schuetzen-radfeld.at\/?p=6578","title":{"rendered":"05.11.2018 Beerdigung von E-Hptm. Alois Mutschlechner (Abordnung)"},"content":{"rendered":"<p><!--more--><\/p>\n<p>Heute nahmen wir Abschied von <strong>Ehrenhauptmann Alois Mutschlechner<\/strong>,<\/p>\n<p>der Sch\u00fctzenkompanie Kundl.<\/p>\n<p>Stellvertretend f\u00fcr die Kompanie erwiesen Ehrenobmann Franz Prantl, Oberj\u00e4ger Josef Stubenvoll und Obmann Erich H\u00f6lzl,<\/p>\n<p>Alois die letzte Ehre.<\/p>\n","protected":false},"excerpt":{"rendered":"","protected":false},"author":2,"featured_media":0,"comment_status":"closed","ping_status":"closed","sticky":false,"template":"","format":"standard","meta":{"neve_meta_sidebar":"","neve_meta_container":"","neve_meta_enable_content_width":"","neve_meta_content_width":0,"neve_meta_title_alignment":"","neve_meta_author_avatar":"","neve_post_elements_order":"","neve_meta_disable_header":"","neve_meta_disable_footer":"","neve_meta_disable_title":"","ngg_post_thumbnail":0,"footnotes":""},"categories":[39],"tags":[],"class_list":["post-6578","post","type-post","status-publish","format-standard","hentry","category-rueckblick-2018"],"_links":{"self":[{"href":"https:\/\/www.schuetzen-radfeld.at\/index.php?rest_route=\/wp\/v2\/posts\/6578","targetHints":{"allow":["GET"]}}],"collection":[{"href":"https:\/\/www.schuetzen-radfeld.at\/index.php?rest_route=\/wp\/v2\/posts"}],"about":[{"href":"https:\/\/www.schuetzen-radfeld.at\/index.php?rest_route=\/wp\/v2\/types\/post"}],"author":[{"embeddable":true,"href":"https:\/\/www.schuetzen-radfeld.at\/index.php?rest_route=\/wp\/v2\/users\/2"}],"replies":[{"embeddable":true,"href":"https:\/\/www.schuetzen-radfeld.at\/index.php?rest_route=%2Fwp%2Fv2%2Fcomments&post=6578"}],"version-history":[{"count":4,"href":"https:\/\/www.schuetzen-radfeld.at\/index.php?rest_route=\/wp\/v2\/posts\/6578\/revisions"}],"predecessor-version":[{"id":6584,"href":"https:\/\/www.schuetzen-radfeld.at\/index.php?rest_route=\/wp\/v2\/posts\/6578\/revisions\/6584"}],"wp:attachment":[{"href":"https:\/\/www.schuetzen-radfeld.at\/index.php?rest_route=%2Fwp%2Fv2%2Fmedia&parent=6578"}],"wp:term":[{"taxonomy":"category","embeddable":true,"href":"https:\/\/www.schuetzen-radfeld.at\/index.php?rest_route=%2Fwp%2Fv2%2Fcategories&post=6578"},{"taxonomy":"post_tag","embeddable":true,"href":"https:\/\/www.schuetzen-radfeld.at\/index.php?rest_route=%2Fwp%2Fv2%2Ftags&post=6578"}],"curies":[{"name":"wp","href":"https:\/\/api.w.org\/{rel}","templated":true}]}}