{"id":6582,"date":"2018-11-09T20:00:29","date_gmt":"2018-11-09T20:00:29","guid":{"rendered":"http:\/\/www.schuetzen-radfeld.at\/?p=6582"},"modified":"2018-11-12T13:39:40","modified_gmt":"2018-11-12T13:39:40","slug":"09-11-2018-60ger-geburtstagsfeier-von-josef-loidolt","status":"publish","type":"post","link":"https:\/\/www.schuetzen-radfeld.at\/?p=6582","title":{"rendered":"09.11.2018  Geburtstagsfeier von Josef Loidolt"},"content":{"rendered":"<p><!--more--><\/p>\n<p><span style=\"color: #008080;\"><strong>\u201c60 is er \u201d<\/strong><\/span><\/p>\n<p>Unter diesem Motto stand die Geburtstagsfeier von Unterj\u00e4ger <strong>Josef Loidolt<\/strong>.<\/p>\n<p>Die Sch\u00fctzenkameraden bedanken sich f\u00fcr den geselligen Abend mit sp\u00e4tem Ausklang.<span style=\"color: #008080;\"><strong><br \/>\n<\/strong><\/span><\/p>\n<p><span style=\"color: #008080;\"><strong>Danke Josef!<\/strong><\/span><\/p>\n<p>Im Zuge dieser Feier gratulierten wir auch unserem Zugsf\u00fchrer <strong><span style=\"color: #008080;\">Peter Demetz<\/span><\/strong>&nbsp;mit einer Salve zum 70iger.<\/p>\n<p><span style=\"color: #008080;\"><strong>&nbsp;<\/strong><\/span><\/p>\nngg_shortcode_0_placeholder\n","protected":false},"excerpt":{"rendered":"","protected":false},"author":2,"featured_media":0,"comment_status":"closed","ping_status":"closed","sticky":false,"template":"","format":"standard","meta":{"neve_meta_sidebar":"","neve_meta_container":"","neve_meta_enable_content_width":"","neve_meta_content_width":0,"neve_meta_title_alignment":"","neve_meta_author_avatar":"","neve_post_elements_order":"","neve_meta_disable_header":"","neve_meta_disable_footer":"","neve_meta_disable_title":"","ngg_post_thumbnail":0,"footnotes":""},"categories":[39],"tags":[],"class_list":["post-6582","post","type-post","status-publish","format-standard","hentry","category-rueckblick-2018"],"_links":{"self":[{"href":"https:\/\/www.schuetzen-radfeld.at\/index.php?rest_route=\/wp\/v2\/posts\/6582","targetHints":{"allow":["GET"]}}],"collection":[{"href":"https:\/\/www.schuetzen-radfeld.at\/index.php?rest_route=\/wp\/v2\/posts"}],"about":[{"href":"https:\/\/www.schuetzen-radfeld.at\/index.php?rest_route=\/wp\/v2\/types\/post"}],"author":[{"embeddable":true,"href":"https:\/\/www.schuetzen-radfeld.at\/index.php?rest_route=\/wp\/v2\/users\/2"}],"replies":[{"embeddable":true,"href":"https:\/\/www.schuetzen-radfeld.at\/index.php?rest_route=%2Fwp%2Fv2%2Fcomments&post=6582"}],"version-history":[{"count":10,"href":"https:\/\/www.schuetzen-radfeld.at\/index.php?rest_route=\/wp\/v2\/posts\/6582\/revisions"}],"predecessor-version":[{"id":6724,"href":"https:\/\/www.schuetzen-radfeld.at\/index.php?rest_route=\/wp\/v2\/posts\/6582\/revisions\/6724"}],"wp:attachment":[{"href":"https:\/\/www.schuetzen-radfeld.at\/index.php?rest_route=%2Fwp%2Fv2%2Fmedia&parent=6582"}],"wp:term":[{"taxonomy":"category","embeddable":true,"href":"https:\/\/www.schuetzen-radfeld.at\/index.php?rest_route=%2Fwp%2Fv2%2Fcategories&post=6582"},{"taxonomy":"post_tag","embeddable":true,"href":"https:\/\/www.schuetzen-radfeld.at\/index.php?rest_route=%2Fwp%2Fv2%2Ftags&post=6582"}],"curies":[{"name":"wp","href":"https:\/\/api.w.org\/{rel}","templated":true}]}}