{"id":6828,"date":"2019-02-22T22:30:53","date_gmt":"2019-02-22T22:30:53","guid":{"rendered":"http:\/\/www.schuetzen-radfeld.at\/?p=6828"},"modified":"2019-02-23T06:49:32","modified_gmt":"2019-02-23T06:49:32","slug":"02-2019-rodeln","status":"publish","type":"post","link":"https:\/\/www.schuetzen-radfeld.at\/?p=6828","title":{"rendered":"22.02.2019 Rodeln Brandenberg"},"content":{"rendered":"<p><!--more--><\/p>\n<p>Flexible Sch\u00fctzen!<\/p>\n<p>Ist die Rodelbahn in Kundl gesperrt, dann ab nach Brandenberg. So leicht lassen wir uns das Rodelvergn\u00fcgen nicht vermiesen, die Sch\u00fctzen sind hartn\u00e4ckig! Und es hat sich gelohnt, ein Anstrengender Aufstieg, eine vergn\u00fcgliche Einkehr und eine rasante Abfahrt!<\/p>\nngg_shortcode_0_placeholder\n<p>&nbsp;<\/p>\n<p>&nbsp;<\/p>\n","protected":false},"excerpt":{"rendered":"","protected":false},"author":2,"featured_media":0,"comment_status":"closed","ping_status":"closed","sticky":false,"template":"","format":"standard","meta":{"neve_meta_sidebar":"","neve_meta_container":"","neve_meta_enable_content_width":"","neve_meta_content_width":0,"neve_meta_title_alignment":"","neve_meta_author_avatar":"","neve_post_elements_order":"","neve_meta_disable_header":"","neve_meta_disable_footer":"","neve_meta_disable_title":"","ngg_post_thumbnail":0,"footnotes":""},"categories":[42],"tags":[],"class_list":["post-6828","post","type-post","status-publish","format-standard","hentry","category-rueckblick-2019"],"_links":{"self":[{"href":"https:\/\/www.schuetzen-radfeld.at\/index.php?rest_route=\/wp\/v2\/posts\/6828","targetHints":{"allow":["GET"]}}],"collection":[{"href":"https:\/\/www.schuetzen-radfeld.at\/index.php?rest_route=\/wp\/v2\/posts"}],"about":[{"href":"https:\/\/www.schuetzen-radfeld.at\/index.php?rest_route=\/wp\/v2\/types\/post"}],"author":[{"embeddable":true,"href":"https:\/\/www.schuetzen-radfeld.at\/index.php?rest_route=\/wp\/v2\/users\/2"}],"replies":[{"embeddable":true,"href":"https:\/\/www.schuetzen-radfeld.at\/index.php?rest_route=%2Fwp%2Fv2%2Fcomments&post=6828"}],"version-history":[{"count":9,"href":"https:\/\/www.schuetzen-radfeld.at\/index.php?rest_route=\/wp\/v2\/posts\/6828\/revisions"}],"predecessor-version":[{"id":6978,"href":"https:\/\/www.schuetzen-radfeld.at\/index.php?rest_route=\/wp\/v2\/posts\/6828\/revisions\/6978"}],"wp:attachment":[{"href":"https:\/\/www.schuetzen-radfeld.at\/index.php?rest_route=%2Fwp%2Fv2%2Fmedia&parent=6828"}],"wp:term":[{"taxonomy":"category","embeddable":true,"href":"https:\/\/www.schuetzen-radfeld.at\/index.php?rest_route=%2Fwp%2Fv2%2Fcategories&post=6828"},{"taxonomy":"post_tag","embeddable":true,"href":"https:\/\/www.schuetzen-radfeld.at\/index.php?rest_route=%2Fwp%2Fv2%2Ftags&post=6828"}],"curies":[{"name":"wp","href":"https:\/\/api.w.org\/{rel}","templated":true}]}}