{"id":6839,"date":"2019-03-24T13:50:28","date_gmt":"2019-03-24T13:50:28","guid":{"rendered":"http:\/\/www.schuetzen-radfeld.at\/?p=6839"},"modified":"2019-03-25T13:55:22","modified_gmt":"2019-03-25T13:55:22","slug":"31-03-2019-bat-schuetzenjahrtag-in-breitenbach-abordnung","status":"publish","type":"post","link":"https:\/\/www.schuetzen-radfeld.at\/?p=6839","title":{"rendered":"24.03.2019 Bat. Sch\u00fctzenjahrtag in Breitenbach (Abordnung)"},"content":{"rendered":"\n<!--more-->\n\n\n\n<p>Bataillonskommandant des <a href=\"https:\/\/www.meinbezirk.at\/kufstein\/c-lokales\/schuetzenbataillon-kufstein-feiert-heuer-60-er_a3283053\">Sch\u00fctzenbataillons Kufstein<\/a>, Mjr Hermann Egger, lud am Sonntag den 24. M\u00e4rz zum 55. Bataillons-Sch\u00fctzenjahrtag mit Neuwahlen nach Breitenbach ein, wo er f\u00fcr weitere 3 Jahre in seinem Amt best\u00e4tigt wurde. Vom Sch\u00fctzenbataillon Kufstein (mit 23 Kompanien \u00fcbrigens das st\u00e4rkste Bataillon Tirols) kam je eine Fahnenabordnung als Delegierte zur Jahreshauptversammlung.<\/p>\n\n\n\n<p>Leutnant Alfred Stock \u00fcbergab sein Amt als Bildungsreferent nach 23 Jahren an Michael Autengruber.<\/p>\n\n\n\n<p>F\u00fcr die Sch\u00fctzenkompanie Radfeld waren Hptm. Christian Kern, Obmann Olt.Franz Prantl und F\u00e4hnrich Reinhold Winkler dabei. <\/p>\n\n\n\n<p><\/p>\n\n\n","protected":false},"excerpt":{"rendered":"","protected":false},"author":2,"featured_media":0,"comment_status":"closed","ping_status":"closed","sticky":false,"template":"","format":"standard","meta":{"neve_meta_sidebar":"","neve_meta_container":"","neve_meta_enable_content_width":"","neve_meta_content_width":0,"neve_meta_title_alignment":"","neve_meta_author_avatar":"","neve_post_elements_order":"","neve_meta_disable_header":"","neve_meta_disable_footer":"","neve_meta_disable_title":"","ngg_post_thumbnail":0,"footnotes":""},"categories":[42],"tags":[],"class_list":["post-6839","post","type-post","status-publish","format-standard","hentry","category-rueckblick-2019"],"_links":{"self":[{"href":"https:\/\/www.schuetzen-radfeld.at\/index.php?rest_route=\/wp\/v2\/posts\/6839","targetHints":{"allow":["GET"]}}],"collection":[{"href":"https:\/\/www.schuetzen-radfeld.at\/index.php?rest_route=\/wp\/v2\/posts"}],"about":[{"href":"https:\/\/www.schuetzen-radfeld.at\/index.php?rest_route=\/wp\/v2\/types\/post"}],"author":[{"embeddable":true,"href":"https:\/\/www.schuetzen-radfeld.at\/index.php?rest_route=\/wp\/v2\/users\/2"}],"replies":[{"embeddable":true,"href":"https:\/\/www.schuetzen-radfeld.at\/index.php?rest_route=%2Fwp%2Fv2%2Fcomments&post=6839"}],"version-history":[{"count":13,"href":"https:\/\/www.schuetzen-radfeld.at\/index.php?rest_route=\/wp\/v2\/posts\/6839\/revisions"}],"predecessor-version":[{"id":7116,"href":"https:\/\/www.schuetzen-radfeld.at\/index.php?rest_route=\/wp\/v2\/posts\/6839\/revisions\/7116"}],"wp:attachment":[{"href":"https:\/\/www.schuetzen-radfeld.at\/index.php?rest_route=%2Fwp%2Fv2%2Fmedia&parent=6839"}],"wp:term":[{"taxonomy":"category","embeddable":true,"href":"https:\/\/www.schuetzen-radfeld.at\/index.php?rest_route=%2Fwp%2Fv2%2Fcategories&post=6839"},{"taxonomy":"post_tag","embeddable":true,"href":"https:\/\/www.schuetzen-radfeld.at\/index.php?rest_route=%2Fwp%2Fv2%2Ftags&post=6839"}],"curies":[{"name":"wp","href":"https:\/\/api.w.org\/{rel}","templated":true}]}}