{"id":6841,"date":"2019-04-12T20:30:46","date_gmt":"2019-04-12T20:30:46","guid":{"rendered":"http:\/\/www.schuetzen-radfeld.at\/?p=6841"},"modified":"2019-05-09T05:33:16","modified_gmt":"2019-05-09T05:33:16","slug":"12-04-2019-kompaniehoagascht-exerzieren-1","status":"publish","type":"post","link":"https:\/\/www.schuetzen-radfeld.at\/?p=6841","title":{"rendered":"12.04.2019 Kompaniehoagascht-Exerzieren 1"},"content":{"rendered":"\n<!--more-->\n\n\n\n<p> &#8230; der Winter ist vorbei und die Ausr\u00fcckungen im heurigen Sch\u00fctzenjahr stehen bevor.<\/p>\n\n\n\n<p>Damit wir ger\u00fcstet sind f\u00fcr die Aufgaben 2019, heute 1.Exerzier\u00fcbung! <\/p>\n\n\n<p>Mit einem 3-fachem Sch\u00fctzen Heil wurden die Sch\u00fctzen <span style=\"color: #0000ff;\"><strong>Ralph Joham <\/strong><\/span>und<span style=\"color: #0000ff;\"><strong> Manuel Haider <\/strong><\/span>willkommen gehei\u00dfen.<\/p>\n\n\n<p>Danke an Obmann Franz Prantl f\u00fcr die tolle Verpflegung!<\/p>\n\n\n\n<p><\/p>\n\n\n\nngg_shortcode_0_placeholder\n\n\n\n<h2 class=\"wp-block-heading\"><\/h2>\n\n\n","protected":false},"excerpt":{"rendered":"","protected":false},"author":2,"featured_media":0,"comment_status":"closed","ping_status":"closed","sticky":false,"template":"","format":"standard","meta":{"neve_meta_sidebar":"","neve_meta_container":"","neve_meta_enable_content_width":"","neve_meta_content_width":0,"neve_meta_title_alignment":"","neve_meta_author_avatar":"","neve_post_elements_order":"","neve_meta_disable_header":"","neve_meta_disable_footer":"","neve_meta_disable_title":"","ngg_post_thumbnail":0,"footnotes":""},"categories":[42],"tags":[],"class_list":["post-6841","post","type-post","status-publish","format-standard","hentry","category-rueckblick-2019"],"_links":{"self":[{"href":"https:\/\/www.schuetzen-radfeld.at\/index.php?rest_route=\/wp\/v2\/posts\/6841","targetHints":{"allow":["GET"]}}],"collection":[{"href":"https:\/\/www.schuetzen-radfeld.at\/index.php?rest_route=\/wp\/v2\/posts"}],"about":[{"href":"https:\/\/www.schuetzen-radfeld.at\/index.php?rest_route=\/wp\/v2\/types\/post"}],"author":[{"embeddable":true,"href":"https:\/\/www.schuetzen-radfeld.at\/index.php?rest_route=\/wp\/v2\/users\/2"}],"replies":[{"embeddable":true,"href":"https:\/\/www.schuetzen-radfeld.at\/index.php?rest_route=%2Fwp%2Fv2%2Fcomments&post=6841"}],"version-history":[{"count":8,"href":"https:\/\/www.schuetzen-radfeld.at\/index.php?rest_route=\/wp\/v2\/posts\/6841\/revisions"}],"predecessor-version":[{"id":7189,"href":"https:\/\/www.schuetzen-radfeld.at\/index.php?rest_route=\/wp\/v2\/posts\/6841\/revisions\/7189"}],"wp:attachment":[{"href":"https:\/\/www.schuetzen-radfeld.at\/index.php?rest_route=%2Fwp%2Fv2%2Fmedia&parent=6841"}],"wp:term":[{"taxonomy":"category","embeddable":true,"href":"https:\/\/www.schuetzen-radfeld.at\/index.php?rest_route=%2Fwp%2Fv2%2Fcategories&post=6841"},{"taxonomy":"post_tag","embeddable":true,"href":"https:\/\/www.schuetzen-radfeld.at\/index.php?rest_route=%2Fwp%2Fv2%2Ftags&post=6841"}],"curies":[{"name":"wp","href":"https:\/\/api.w.org\/{rel}","templated":true}]}}