{"id":6863,"date":"2019-08-04T13:00:29","date_gmt":"2019-08-04T13:00:29","guid":{"rendered":"http:\/\/www.schuetzen-radfeld.at\/?p=6863"},"modified":"2019-08-12T05:18:43","modified_gmt":"2019-08-12T05:18:43","slug":"04-08-2019-baon-schuetzenfest-in-breitenbach","status":"publish","type":"post","link":"https:\/\/www.schuetzen-radfeld.at\/?p=6863","title":{"rendered":"04.08.2019 Baon Sch\u00fctzenfest in Breitenbach"},"content":{"rendered":"<p><!--more--><\/p>\n<p><!--StartFragment--><\/p>\n\n<p><!--EndFragment--><\/p>\n<p><\/p>\n\n\n<p>Bei wunderbarem Wetter marschierten unz\u00e4hlige Kompanien ein.<\/p>\n\n\n\n<p>In Vertetung f\u00fcr unsern Hauptmann Christian Kern \u00fcbernahm heute unser Sch\u00fctzenkamerad <span style=\"color: #008000;\"><strong>Peter Strele<\/strong><\/span> das Komando. <span style=\"color: #3366ff;\"><\/p>\n\n\n\n<p>Nach der Feldmesse und dem Aufmarsch der Sch\u00fctzen , dann der gem\u00fctliche Teil mit gutem Essen und Trinken im Festzelt.<\/p>\n\n\n\n<p>Fahnenbandspenderin der Radfelder Sch\u00fctzen war <strong><span style=\"color: #008000;\">Vroni Huber<\/span>,<\/strong> eine geb\u00fcrtige Radfelderin. <span style=\"color: #3366ff;\"><strong>DANKE VRONI<\/strong><\/span><\/p>\n\n\n\n<p>Ein Lob und Dank an die Veranstalter!<\/p>\n\n\n\n<p>Mit einem 3-fachem Sch\u00fctzen Heil konnten wir heute <strong><span style=\"color: #008000;\">Kevin Mrazek<\/span> <\/strong>in<strong> <\/strong>unserer Kompanie willkommen hei\u00dfen.<\/p>\n\n\n<p><\/p>\n\n\n<p>(Fotos SF Robert Hintner)<\/p>\n\n\n\nngg_shortcode_0_placeholder\n\n\n\n<p><\/p>\n","protected":false},"excerpt":{"rendered":"","protected":false},"author":2,"featured_media":0,"comment_status":"closed","ping_status":"closed","sticky":false,"template":"","format":"standard","meta":{"neve_meta_sidebar":"","neve_meta_container":"","neve_meta_enable_content_width":"","neve_meta_content_width":0,"neve_meta_title_alignment":"","neve_meta_author_avatar":"","neve_post_elements_order":"","neve_meta_disable_header":"","neve_meta_disable_footer":"","neve_meta_disable_title":"","ngg_post_thumbnail":0,"footnotes":""},"categories":[17,42],"tags":[],"class_list":["post-6863","post","type-post","status-publish","format-standard","hentry","category-ruckblick","category-rueckblick-2019"],"_links":{"self":[{"href":"https:\/\/www.schuetzen-radfeld.at\/index.php?rest_route=\/wp\/v2\/posts\/6863","targetHints":{"allow":["GET"]}}],"collection":[{"href":"https:\/\/www.schuetzen-radfeld.at\/index.php?rest_route=\/wp\/v2\/posts"}],"about":[{"href":"https:\/\/www.schuetzen-radfeld.at\/index.php?rest_route=\/wp\/v2\/types\/post"}],"author":[{"embeddable":true,"href":"https:\/\/www.schuetzen-radfeld.at\/index.php?rest_route=\/wp\/v2\/users\/2"}],"replies":[{"embeddable":true,"href":"https:\/\/www.schuetzen-radfeld.at\/index.php?rest_route=%2Fwp%2Fv2%2Fcomments&post=6863"}],"version-history":[{"count":18,"href":"https:\/\/www.schuetzen-radfeld.at\/index.php?rest_route=\/wp\/v2\/posts\/6863\/revisions"}],"predecessor-version":[{"id":7433,"href":"https:\/\/www.schuetzen-radfeld.at\/index.php?rest_route=\/wp\/v2\/posts\/6863\/revisions\/7433"}],"wp:attachment":[{"href":"https:\/\/www.schuetzen-radfeld.at\/index.php?rest_route=%2Fwp%2Fv2%2Fmedia&parent=6863"}],"wp:term":[{"taxonomy":"category","embeddable":true,"href":"https:\/\/www.schuetzen-radfeld.at\/index.php?rest_route=%2Fwp%2Fv2%2Fcategories&post=6863"},{"taxonomy":"post_tag","embeddable":true,"href":"https:\/\/www.schuetzen-radfeld.at\/index.php?rest_route=%2Fwp%2Fv2%2Ftags&post=6863"}],"curies":[{"name":"wp","href":"https:\/\/api.w.org\/{rel}","templated":true}]}}