{"id":6865,"date":"2019-09-01T15:00:12","date_gmt":"2019-09-01T15:00:12","guid":{"rendered":"http:\/\/www.schuetzen-radfeld.at\/?p=6865"},"modified":"2019-09-04T09:32:06","modified_gmt":"2019-09-04T09:32:06","slug":"01-09-2019-30-jaehriges-jubilaeumsfest-der-schuetzenkopanie-radfeld-fruehschoppen-mit-radio-u1","status":"publish","type":"post","link":"https:\/\/www.schuetzen-radfeld.at\/?p=6865","title":{"rendered":"01.09.2019 30-j\u00e4hriges Jubil\u00e4umsfest der SK- Radfeld \/ Fr\u00fchschoppen mit Radio U1"},"content":{"rendered":"<p><!--more--><\/p>\n<p><span style=\"color: #003300;\"><strong>Eine Idee wurde geboren &#8211; ein Jubil\u00e4umsfest muss es geben!<\/strong><\/span><\/p>\n<p>Nach langen Wochen der Vorbereitung war es am 1.9.19 endlich so weit, Radio U1 gab mit dem Fr\u00fchschoppen den Startschu\u00df zur Jubil\u00e4umsfeier.<\/p>\n<p>Die Alpis, Bergblitz Daniel, Zillertal Power, Vicent und Fernando gemeinsam mit Moderator Lukas Brunner heizten die Stimmung kr\u00e4ftig an!<\/p>\n<p>F\u00fcr den kulinarischen Genu\u00df sorgten Peter Demetz und sein Team &#8211; ein Hochgenu\u00df.<\/p>\n<p>Rundum gut versorgt mit Essen und Getr\u00e4nken konnte bis in die fr\u00fchen Abendstunden ausgelassen gefeiert werden.<\/p>\n<p>An dieser Stelle gilt unser Dank<\/p>\n<p><span style=\"color: #003300;\"><strong>den Sponsoren<\/strong><\/span>,<\/p>\n<p>Achleitner Fahrzeugbau, KFZ-Technik Kern, Malerei Laiminger, Raiffeisenbezirksbank Kufstein, Kanalservice Mayr, die ein Fest in dieser Gr\u00f6\u00dfenordnung erst erm\u00f6glicht haben.<\/p>\n<p>den unz\u00e4hligen <strong><span style=\"color: #003300;\">freiwilligen Helfern<\/span><\/strong>, die unserem Team mit tatkr\u00e4ftiger Unterst\u00fctzung zur Seite standen, Bestellungen entgegen nahmen, Bestellungen zu den Tischen brachten, Tische abr\u00e4umten, Kuchen und Kaffee kredenzten und mit ihrer guten Laune auch stressige Stunden professionell meisterten<\/p>\n<p>den <strong><span style=\"color: #003300;\">&#8222;Kuchenspenderinnen&#8220; <\/span><\/strong><span style=\"color: #003300;\"><span style=\"color: #000000;\">die f\u00fcr den s\u00fcssen Genu\u00df sorgten.<br><\/span><\/span><\/p>\n<p>Den &#8222;<strong><span style=\"color: #003300;\">K\u00fcnstlerinnen&#8220;<\/span><\/strong> beim Kinderschminken.<\/p>\n<p>Res\u00fcmee nach einem arbeitsreichen Wochenende &#8211; der Einsatz und die Arbeit haben sich gelohnt -war ein tolles Jubil\u00e4um!<\/p>\n<p><span style=\"color: #808080;\">(Bilder SF Robert Hintner, Doris Hackl und Ortschronist Horst Duftner)<\/span><\/p>\n<p><a href=\"http:\/\/www.schuetzen-radfeld.at\/wp-content\/uploads\/2019\/09\/video2.mp4\"><span style=\"color: #0000ff;\">Video Hptm. Christian Kern<\/span><\/a><\/p>\n<p><a href=\"https:\/\/klaus-madersbacher.blogspot.com\/2019\/09\/30-jahre-schutzenkompanie-radfeld.html\">Bericht und Bilder Klaus Madersbacher<\/a><\/p>\nngg_shortcode_0_placeholder\n<p>&nbsp;<\/p>\n\n\n<p><\/p>\n","protected":false},"excerpt":{"rendered":"","protected":false},"author":2,"featured_media":0,"comment_status":"closed","ping_status":"closed","sticky":false,"template":"","format":"standard","meta":{"neve_meta_sidebar":"","neve_meta_container":"","neve_meta_enable_content_width":"","neve_meta_content_width":0,"neve_meta_title_alignment":"","neve_meta_author_avatar":"","neve_post_elements_order":"","neve_meta_disable_header":"","neve_meta_disable_footer":"","neve_meta_disable_title":"","ngg_post_thumbnail":0,"footnotes":""},"categories":[42],"tags":[],"class_list":["post-6865","post","type-post","status-publish","format-standard","hentry","category-rueckblick-2019"],"_links":{"self":[{"href":"https:\/\/www.schuetzen-radfeld.at\/index.php?rest_route=\/wp\/v2\/posts\/6865","targetHints":{"allow":["GET"]}}],"collection":[{"href":"https:\/\/www.schuetzen-radfeld.at\/index.php?rest_route=\/wp\/v2\/posts"}],"about":[{"href":"https:\/\/www.schuetzen-radfeld.at\/index.php?rest_route=\/wp\/v2\/types\/post"}],"author":[{"embeddable":true,"href":"https:\/\/www.schuetzen-radfeld.at\/index.php?rest_route=\/wp\/v2\/users\/2"}],"replies":[{"embeddable":true,"href":"https:\/\/www.schuetzen-radfeld.at\/index.php?rest_route=%2Fwp%2Fv2%2Fcomments&post=6865"}],"version-history":[{"count":28,"href":"https:\/\/www.schuetzen-radfeld.at\/index.php?rest_route=\/wp\/v2\/posts\/6865\/revisions"}],"predecessor-version":[{"id":7785,"href":"https:\/\/www.schuetzen-radfeld.at\/index.php?rest_route=\/wp\/v2\/posts\/6865\/revisions\/7785"}],"wp:attachment":[{"href":"https:\/\/www.schuetzen-radfeld.at\/index.php?rest_route=%2Fwp%2Fv2%2Fmedia&parent=6865"}],"wp:term":[{"taxonomy":"category","embeddable":true,"href":"https:\/\/www.schuetzen-radfeld.at\/index.php?rest_route=%2Fwp%2Fv2%2Fcategories&post=6865"},{"taxonomy":"post_tag","embeddable":true,"href":"https:\/\/www.schuetzen-radfeld.at\/index.php?rest_route=%2Fwp%2Fv2%2Ftags&post=6865"}],"curies":[{"name":"wp","href":"https:\/\/api.w.org\/{rel}","templated":true}]}}