{"id":6879,"date":"2019-12-22T19:00:00","date_gmt":"2019-12-22T19:00:00","guid":{"rendered":"http:\/\/www.schuetzen-radfeld.at\/?p=6879"},"modified":"2022-12-20T05:25:00","modified_gmt":"2022-12-20T05:25:00","slug":"21-12-2019-radfelder-schuetzenweihnacht","status":"publish","type":"post","link":"https:\/\/www.schuetzen-radfeld.at\/?p=6879","title":{"rendered":"21.12.2019 Radfelder Sch\u00fctzenweihnacht"},"content":{"rendered":"<p><!--more--><\/p>\n<p>&#8230;..ein Jahr geht zu Ende und die letzte Veransstaltung in ist die traditionelle<\/p>\n<p><span style=\"color: #0000ff;\"><strong>31. igste Sch\u00fctzenweihnacht<\/strong>.<\/span><\/p>\n<p>Ab 18:30 Uhr marschierten Sch\u00fctzen aus den Ortsteilen mit Fackeln zur Kirche, anschlie\u00dfend feierten wir den Gottesdienst mit unserem Pfarrprovisor Roland Fr\u00fchauf und Diakon Franz Margreiter.<\/p>\n<p>Besinnlich zur Weihnacht f\u00fchrten die <span style=\"color: #0000ff;\"><strong>Familienmusik Waldauf <\/strong><span style=\"color: #000000;\">aus Absam<\/span><\/span>&nbsp;und die <span style=\"color: #0000ff;\"><strong>Rattenberger Ankl\u00f6pfler<\/strong><\/span> sowie weihnachtliche Texte und Gedichte gesprochen von Kameraden der Kompanie.<\/p>\n<p>Unserem Sch\u00fctzenkameraden<strong><span style=\"color: #0000ff;\"> Hansj\u00f6rg W\u00f6ll<\/span><\/strong> und <strong><span style=\"color: #0000ff;\">Josef Stubenvoll<\/span><\/strong> f\u00fcr die Organisation<span style=\"color: #0000ff;\"> <strong>DANKE!<\/strong><\/span><\/p>\n<p>&#8230;..im Anschluss an diese besinnliche Stunde trafen wir uns in der <span style=\"color: #008000;\"><strong><span style=\"color: #0000ff;\">&#8222;Pension<\/span> <span style=\"color: #0000ff;\">Alpenblick&#8220;<\/span><\/strong><\/span> zur&nbsp; Weihnachtsfeier.<\/p>\n<p><span style=\"color: #0000ff;\"><strong>Die Sch\u00fctzenkompanie w\u00fcnscht allen Radfelderinnen und Radfeldern frohe Weihnachten und ein gesegntes Jahr 2020<\/strong><\/span><\/p>\n<p><span style=\"color: #808080;\">Bilder Ortschronist Ing. Horst Duftner<\/span><\/p>\nngg_shortcode_0_placeholder\n","protected":false},"excerpt":{"rendered":"","protected":false},"author":2,"featured_media":0,"comment_status":"closed","ping_status":"closed","sticky":false,"template":"","format":"standard","meta":{"neve_meta_sidebar":"","neve_meta_container":"","neve_meta_enable_content_width":"","neve_meta_content_width":0,"neve_meta_title_alignment":"","neve_meta_author_avatar":"","neve_post_elements_order":"","neve_meta_disable_header":"","neve_meta_disable_footer":"","neve_meta_disable_title":"","ngg_post_thumbnail":0,"footnotes":""},"categories":[42],"tags":[],"class_list":["post-6879","post","type-post","status-publish","format-standard","hentry","category-rueckblick-2019"],"_links":{"self":[{"href":"https:\/\/www.schuetzen-radfeld.at\/index.php?rest_route=\/wp\/v2\/posts\/6879","targetHints":{"allow":["GET"]}}],"collection":[{"href":"https:\/\/www.schuetzen-radfeld.at\/index.php?rest_route=\/wp\/v2\/posts"}],"about":[{"href":"https:\/\/www.schuetzen-radfeld.at\/index.php?rest_route=\/wp\/v2\/types\/post"}],"author":[{"embeddable":true,"href":"https:\/\/www.schuetzen-radfeld.at\/index.php?rest_route=\/wp\/v2\/users\/2"}],"replies":[{"embeddable":true,"href":"https:\/\/www.schuetzen-radfeld.at\/index.php?rest_route=%2Fwp%2Fv2%2Fcomments&post=6879"}],"version-history":[{"count":10,"href":"https:\/\/www.schuetzen-radfeld.at\/index.php?rest_route=\/wp\/v2\/posts\/6879\/revisions"}],"predecessor-version":[{"id":9802,"href":"https:\/\/www.schuetzen-radfeld.at\/index.php?rest_route=\/wp\/v2\/posts\/6879\/revisions\/9802"}],"wp:attachment":[{"href":"https:\/\/www.schuetzen-radfeld.at\/index.php?rest_route=%2Fwp%2Fv2%2Fmedia&parent=6879"}],"wp:term":[{"taxonomy":"category","embeddable":true,"href":"https:\/\/www.schuetzen-radfeld.at\/index.php?rest_route=%2Fwp%2Fv2%2Fcategories&post=6879"},{"taxonomy":"post_tag","embeddable":true,"href":"https:\/\/www.schuetzen-radfeld.at\/index.php?rest_route=%2Fwp%2Fv2%2Ftags&post=6879"}],"curies":[{"name":"wp","href":"https:\/\/api.w.org\/{rel}","templated":true}]}}