{"id":6979,"date":"2019-03-02T10:00:45","date_gmt":"2019-03-02T10:00:45","guid":{"rendered":"http:\/\/www.schuetzen-radfeld.at\/?p=6979"},"modified":"2019-03-02T11:20:01","modified_gmt":"2019-03-02T11:20:01","slug":"02-03-2019-beerdigung-von-georg-margreiter-abordnung","status":"publish","type":"post","link":"https:\/\/www.schuetzen-radfeld.at\/?p=6979","title":{"rendered":"02.03.2019 Beerdigung von Georg Margreiter (Abordnung)"},"content":{"rendered":"<p><!--more--><\/p>\n<p>Heute nahmen wir Abschied von <strong>Georg Margreiter<\/strong>, einem langj\u00e4hrigen Unterst\u00fctzer und Gr\u00fcndungsmitglied unserer Kompanie.<\/p>\n<p>Stellvertretend f\u00fcr die Kompanie erwiesen Olt. Franz Prantl, F\u00e4hnrich Reinhold Winkler, Obj. Josef Stubenvoll sowie die Sargtr\u00e4ger Hptm. Christian Kern, Zgf. Erich Aldrian, Zgf. Manuel H\u00f6lzl und Zgf. Robert Hintner<\/p>\n<p><strong>Georg<\/strong> die letzte Ehre.<\/p>\n","protected":false},"excerpt":{"rendered":"","protected":false},"author":2,"featured_media":0,"comment_status":"closed","ping_status":"closed","sticky":false,"template":"","format":"standard","meta":{"neve_meta_sidebar":"","neve_meta_container":"","neve_meta_enable_content_width":"","neve_meta_content_width":0,"neve_meta_title_alignment":"","neve_meta_author_avatar":"","neve_post_elements_order":"","neve_meta_disable_header":"","neve_meta_disable_footer":"","neve_meta_disable_title":"","ngg_post_thumbnail":0,"footnotes":""},"categories":[42],"tags":[],"class_list":["post-6979","post","type-post","status-publish","format-standard","hentry","category-rueckblick-2019"],"_links":{"self":[{"href":"https:\/\/www.schuetzen-radfeld.at\/index.php?rest_route=\/wp\/v2\/posts\/6979","targetHints":{"allow":["GET"]}}],"collection":[{"href":"https:\/\/www.schuetzen-radfeld.at\/index.php?rest_route=\/wp\/v2\/posts"}],"about":[{"href":"https:\/\/www.schuetzen-radfeld.at\/index.php?rest_route=\/wp\/v2\/types\/post"}],"author":[{"embeddable":true,"href":"https:\/\/www.schuetzen-radfeld.at\/index.php?rest_route=\/wp\/v2\/users\/2"}],"replies":[{"embeddable":true,"href":"https:\/\/www.schuetzen-radfeld.at\/index.php?rest_route=%2Fwp%2Fv2%2Fcomments&post=6979"}],"version-history":[{"count":3,"href":"https:\/\/www.schuetzen-radfeld.at\/index.php?rest_route=\/wp\/v2\/posts\/6979\/revisions"}],"predecessor-version":[{"id":6983,"href":"https:\/\/www.schuetzen-radfeld.at\/index.php?rest_route=\/wp\/v2\/posts\/6979\/revisions\/6983"}],"wp:attachment":[{"href":"https:\/\/www.schuetzen-radfeld.at\/index.php?rest_route=%2Fwp%2Fv2%2Fmedia&parent=6979"}],"wp:term":[{"taxonomy":"category","embeddable":true,"href":"https:\/\/www.schuetzen-radfeld.at\/index.php?rest_route=%2Fwp%2Fv2%2Fcategories&post=6979"},{"taxonomy":"post_tag","embeddable":true,"href":"https:\/\/www.schuetzen-radfeld.at\/index.php?rest_route=%2Fwp%2Fv2%2Ftags&post=6979"}],"curies":[{"name":"wp","href":"https:\/\/api.w.org\/{rel}","templated":true}]}}