{"id":7671,"date":"2019-09-28T10:00:03","date_gmt":"2019-09-28T10:00:03","guid":{"rendered":"http:\/\/www.schuetzen-radfeld.at\/?p=7671"},"modified":"2019-09-28T11:05:57","modified_gmt":"2019-09-28T11:05:57","slug":"28-09-2019-kk-schiessen-in-brandenberg-60-jahre-schuetzenbataillon-kufstein-1959-2019","status":"publish","type":"post","link":"https:\/\/www.schuetzen-radfeld.at\/?p=7671","title":{"rendered":"28.09.2019 KK Schiessen in Brandenberg                 60 Jahre Sch\u00fctzenbataillon Kufstein 1959-2019"},"content":{"rendered":"\n<!--more-->\n\n\n<p>Heute trafen wir uns zum Jubil\u00e4umsschie\u00dfen des Bataillon Kufstein auf den KK-Schie\u00dfstand in Brandenberg.<\/p>\n<p>Mit dabei&nbsp; auch unser B\u00fcrgermeister Obj. Josef Auer, der sich beim&nbsp; B\u00fcrgermeisterbewerb&nbsp; wacker geschlagen hat.<\/p>\nngg_shortcode_0_placeholder","protected":false},"excerpt":{"rendered":"","protected":false},"author":2,"featured_media":0,"comment_status":"closed","ping_status":"closed","sticky":false,"template":"","format":"standard","meta":{"neve_meta_sidebar":"","neve_meta_container":"","neve_meta_enable_content_width":"","neve_meta_content_width":0,"neve_meta_title_alignment":"","neve_meta_author_avatar":"","neve_post_elements_order":"","neve_meta_disable_header":"","neve_meta_disable_footer":"","neve_meta_disable_title":"","ngg_post_thumbnail":0,"footnotes":""},"categories":[42],"tags":[],"class_list":["post-7671","post","type-post","status-publish","format-standard","hentry","category-rueckblick-2019"],"_links":{"self":[{"href":"https:\/\/www.schuetzen-radfeld.at\/index.php?rest_route=\/wp\/v2\/posts\/7671","targetHints":{"allow":["GET"]}}],"collection":[{"href":"https:\/\/www.schuetzen-radfeld.at\/index.php?rest_route=\/wp\/v2\/posts"}],"about":[{"href":"https:\/\/www.schuetzen-radfeld.at\/index.php?rest_route=\/wp\/v2\/types\/post"}],"author":[{"embeddable":true,"href":"https:\/\/www.schuetzen-radfeld.at\/index.php?rest_route=\/wp\/v2\/users\/2"}],"replies":[{"embeddable":true,"href":"https:\/\/www.schuetzen-radfeld.at\/index.php?rest_route=%2Fwp%2Fv2%2Fcomments&post=7671"}],"version-history":[{"count":6,"href":"https:\/\/www.schuetzen-radfeld.at\/index.php?rest_route=\/wp\/v2\/posts\/7671\/revisions"}],"predecessor-version":[{"id":7677,"href":"https:\/\/www.schuetzen-radfeld.at\/index.php?rest_route=\/wp\/v2\/posts\/7671\/revisions\/7677"}],"wp:attachment":[{"href":"https:\/\/www.schuetzen-radfeld.at\/index.php?rest_route=%2Fwp%2Fv2%2Fmedia&parent=7671"}],"wp:term":[{"taxonomy":"category","embeddable":true,"href":"https:\/\/www.schuetzen-radfeld.at\/index.php?rest_route=%2Fwp%2Fv2%2Fcategories&post=7671"},{"taxonomy":"post_tag","embeddable":true,"href":"https:\/\/www.schuetzen-radfeld.at\/index.php?rest_route=%2Fwp%2Fv2%2Ftags&post=7671"}],"curies":[{"name":"wp","href":"https:\/\/api.w.org\/{rel}","templated":true}]}}