{"id":9092,"date":"2022-04-23T04:00:00","date_gmt":"2022-04-23T04:00:00","guid":{"rendered":"http:\/\/www.schuetzen-radfeld.at\/?p=9092"},"modified":"2022-04-24T16:13:35","modified_gmt":"2022-04-24T16:13:35","slug":"03-04-2022-bat-schuetzenjahrtag-in-woergl-mit-neuwahlen-zivil","status":"publish","type":"post","link":"https:\/\/www.schuetzen-radfeld.at\/?p=9092","title":{"rendered":"03.04.2022 Bat. Sch\u00fctzenjahrtag in W\u00f6rgl mit Neuwahlen"},"content":{"rendered":"<p><!--more--><\/p>\n<p>F\u00fcr die Sch\u00fctzenkompanie Radfeld waren Hptm. Christian Kern, Obmann Olt. Harald Zwischenberger, Obj. Erich Aldrian und F\u00e4hnrich Reinhold Winkler dabei.<\/p>\n\n\n<p><\/p>\n","protected":false},"excerpt":{"rendered":"","protected":false},"author":2,"featured_media":0,"comment_status":"closed","ping_status":"closed","sticky":false,"template":"","format":"standard","meta":{"neve_meta_sidebar":"","neve_meta_container":"","neve_meta_enable_content_width":"","neve_meta_content_width":0,"neve_meta_title_alignment":"","neve_meta_author_avatar":"","neve_post_elements_order":"","neve_meta_disable_header":"","neve_meta_disable_footer":"","neve_meta_disable_title":"","ngg_post_thumbnail":0,"footnotes":""},"categories":[46],"tags":[],"class_list":["post-9092","post","type-post","status-publish","format-standard","hentry","category-rueckblick-2022"],"_links":{"self":[{"href":"https:\/\/www.schuetzen-radfeld.at\/index.php?rest_route=\/wp\/v2\/posts\/9092","targetHints":{"allow":["GET"]}}],"collection":[{"href":"https:\/\/www.schuetzen-radfeld.at\/index.php?rest_route=\/wp\/v2\/posts"}],"about":[{"href":"https:\/\/www.schuetzen-radfeld.at\/index.php?rest_route=\/wp\/v2\/types\/post"}],"author":[{"embeddable":true,"href":"https:\/\/www.schuetzen-radfeld.at\/index.php?rest_route=\/wp\/v2\/users\/2"}],"replies":[{"embeddable":true,"href":"https:\/\/www.schuetzen-radfeld.at\/index.php?rest_route=%2Fwp%2Fv2%2Fcomments&post=9092"}],"version-history":[{"count":4,"href":"https:\/\/www.schuetzen-radfeld.at\/index.php?rest_route=\/wp\/v2\/posts\/9092\/revisions"}],"predecessor-version":[{"id":9245,"href":"https:\/\/www.schuetzen-radfeld.at\/index.php?rest_route=\/wp\/v2\/posts\/9092\/revisions\/9245"}],"wp:attachment":[{"href":"https:\/\/www.schuetzen-radfeld.at\/index.php?rest_route=%2Fwp%2Fv2%2Fmedia&parent=9092"}],"wp:term":[{"taxonomy":"category","embeddable":true,"href":"https:\/\/www.schuetzen-radfeld.at\/index.php?rest_route=%2Fwp%2Fv2%2Fcategories&post=9092"},{"taxonomy":"post_tag","embeddable":true,"href":"https:\/\/www.schuetzen-radfeld.at\/index.php?rest_route=%2Fwp%2Fv2%2Ftags&post=9092"}],"curies":[{"name":"wp","href":"https:\/\/api.w.org\/{rel}","templated":true}]}}