{"id":9116,"date":"2022-09-03T22:00:00","date_gmt":"2022-09-03T22:00:00","guid":{"rendered":"http:\/\/www.schuetzen-radfeld.at\/?p=9116"},"modified":"2022-09-06T12:17:08","modified_gmt":"2022-09-06T12:17:08","slug":"2022-50jaehriges-jubilaeum-sk-woergl-und-bataillonsfest","status":"publish","type":"post","link":"https:\/\/www.schuetzen-radfeld.at\/?p=9116","title":{"rendered":"03.09.2022  Bataillonsfest Kufstein und &#8222;50 Jahre Sepp Innerkofler Standsch\u00fctzenkompanie W\u00f6rgl&#8220;"},"content":{"rendered":"<p><!--more-->Nach der Feldmesse und dem Aufmarsch der Sch\u00fctzen , dann der gem\u00fctliche Teil mit gutem Essen und Trinken im Festzelt.<\/p>\n<p>Bilder SK-Radfeld<\/p>\n\n\n<p>Fahnenbandspenderin der Radfelder Sch\u00fctzen war <strong>Anita Bellegrandi.<\/strong><\/p>\n\n\n<p>Ein Lob und Dank an die Veranstalter!<\/p>\nngg_shortcode_0_placeholder\n<p>&nbsp;<\/p>\n<p>Siehe Bilder und Text unter &nbsp;<a href=\"https:\/\/www.meinbezirk.at\/kufstein\/c-leute\/bataillon-kufstein-feiert-in-woergl-bataillonsschuetzenfest_a5566462?ref=curate\">www.meinbezirk.at<\/a><\/p>\n\n\n<p><\/p>\n","protected":false},"excerpt":{"rendered":"","protected":false},"author":2,"featured_media":0,"comment_status":"closed","ping_status":"closed","sticky":false,"template":"","format":"standard","meta":{"neve_meta_sidebar":"","neve_meta_container":"","neve_meta_enable_content_width":"","neve_meta_content_width":0,"neve_meta_title_alignment":"","neve_meta_author_avatar":"","neve_post_elements_order":"","neve_meta_disable_header":"","neve_meta_disable_footer":"","neve_meta_disable_title":"","ngg_post_thumbnail":0,"footnotes":""},"categories":[46],"tags":[],"class_list":["post-9116","post","type-post","status-publish","format-standard","hentry","category-rueckblick-2022"],"_links":{"self":[{"href":"https:\/\/www.schuetzen-radfeld.at\/index.php?rest_route=\/wp\/v2\/posts\/9116","targetHints":{"allow":["GET"]}}],"collection":[{"href":"https:\/\/www.schuetzen-radfeld.at\/index.php?rest_route=\/wp\/v2\/posts"}],"about":[{"href":"https:\/\/www.schuetzen-radfeld.at\/index.php?rest_route=\/wp\/v2\/types\/post"}],"author":[{"embeddable":true,"href":"https:\/\/www.schuetzen-radfeld.at\/index.php?rest_route=\/wp\/v2\/users\/2"}],"replies":[{"embeddable":true,"href":"https:\/\/www.schuetzen-radfeld.at\/index.php?rest_route=%2Fwp%2Fv2%2Fcomments&post=9116"}],"version-history":[{"count":10,"href":"https:\/\/www.schuetzen-radfeld.at\/index.php?rest_route=\/wp\/v2\/posts\/9116\/revisions"}],"predecessor-version":[{"id":9564,"href":"https:\/\/www.schuetzen-radfeld.at\/index.php?rest_route=\/wp\/v2\/posts\/9116\/revisions\/9564"}],"wp:attachment":[{"href":"https:\/\/www.schuetzen-radfeld.at\/index.php?rest_route=%2Fwp%2Fv2%2Fmedia&parent=9116"}],"wp:term":[{"taxonomy":"category","embeddable":true,"href":"https:\/\/www.schuetzen-radfeld.at\/index.php?rest_route=%2Fwp%2Fv2%2Fcategories&post=9116"},{"taxonomy":"post_tag","embeddable":true,"href":"https:\/\/www.schuetzen-radfeld.at\/index.php?rest_route=%2Fwp%2Fv2%2Ftags&post=9116"}],"curies":[{"name":"wp","href":"https:\/\/api.w.org\/{rel}","templated":true}]}}