{"id":9507,"date":"2022-09-24T19:55:00","date_gmt":"2022-09-24T19:55:00","guid":{"rendered":"http:\/\/www.schuetzen-radfeld.at\/?p=9507"},"modified":"2022-09-26T16:39:46","modified_gmt":"2022-09-26T16:39:46","slug":"24-09-2022-einweihungsfest-der-herz-jesu-kapelle-in-kundl-abordnung","status":"publish","type":"post","link":"https:\/\/www.schuetzen-radfeld.at\/?p=9507","title":{"rendered":"24.09.2022 Einweihungsfest der Herz-Jesu Kapelle in Kundl (Fahnenabordnung)"},"content":{"rendered":"<p><!--more--><\/p>\n<p>&#8230;heute fand das Fest zur Segnung der <span style=\"color: #008000;\"><strong>Herz-Jesu-Kapelle Sternegg Saulueg<\/strong><\/span> in Kundl statt.<\/p>\n<p>F\u00fcr die Sch\u00fctzenkompanie Radfeld waren Hauptmann Christian Kern, F\u00e4hnrich Reinhold Winkler, und Oberleutnant Erich H\u00f6lzl dabei.<\/p>\nngg_shortcode_0_placeholder\n","protected":false},"excerpt":{"rendered":"","protected":false},"author":2,"featured_media":0,"comment_status":"closed","ping_status":"closed","sticky":false,"template":"","format":"standard","meta":{"neve_meta_sidebar":"","neve_meta_container":"","neve_meta_enable_content_width":"","neve_meta_content_width":0,"neve_meta_title_alignment":"","neve_meta_author_avatar":"","neve_post_elements_order":"","neve_meta_disable_header":"","neve_meta_disable_footer":"","neve_meta_disable_title":"","ngg_post_thumbnail":0,"footnotes":""},"categories":[46],"tags":[],"class_list":["post-9507","post","type-post","status-publish","format-standard","hentry","category-rueckblick-2022"],"_links":{"self":[{"href":"https:\/\/www.schuetzen-radfeld.at\/index.php?rest_route=\/wp\/v2\/posts\/9507","targetHints":{"allow":["GET"]}}],"collection":[{"href":"https:\/\/www.schuetzen-radfeld.at\/index.php?rest_route=\/wp\/v2\/posts"}],"about":[{"href":"https:\/\/www.schuetzen-radfeld.at\/index.php?rest_route=\/wp\/v2\/types\/post"}],"author":[{"embeddable":true,"href":"https:\/\/www.schuetzen-radfeld.at\/index.php?rest_route=\/wp\/v2\/users\/2"}],"replies":[{"embeddable":true,"href":"https:\/\/www.schuetzen-radfeld.at\/index.php?rest_route=%2Fwp%2Fv2%2Fcomments&post=9507"}],"version-history":[{"count":5,"href":"https:\/\/www.schuetzen-radfeld.at\/index.php?rest_route=\/wp\/v2\/posts\/9507\/revisions"}],"predecessor-version":[{"id":9603,"href":"https:\/\/www.schuetzen-radfeld.at\/index.php?rest_route=\/wp\/v2\/posts\/9507\/revisions\/9603"}],"wp:attachment":[{"href":"https:\/\/www.schuetzen-radfeld.at\/index.php?rest_route=%2Fwp%2Fv2%2Fmedia&parent=9507"}],"wp:term":[{"taxonomy":"category","embeddable":true,"href":"https:\/\/www.schuetzen-radfeld.at\/index.php?rest_route=%2Fwp%2Fv2%2Fcategories&post=9507"},{"taxonomy":"post_tag","embeddable":true,"href":"https:\/\/www.schuetzen-radfeld.at\/index.php?rest_route=%2Fwp%2Fv2%2Ftags&post=9507"}],"curies":[{"name":"wp","href":"https:\/\/api.w.org\/{rel}","templated":true}]}}