{"id":9533,"date":"2022-09-18T14:00:00","date_gmt":"2022-09-18T14:00:00","guid":{"rendered":"http:\/\/www.schuetzen-radfeld.at\/?p=9533"},"modified":"2022-09-18T16:13:58","modified_gmt":"2022-09-18T16:13:58","slug":"18-09-2022-notburgafest-in-rattenberg-diakon-franz-margreiter-silbernen-weihejubilaeum-fahnenabordnung","status":"publish","type":"post","link":"https:\/\/www.schuetzen-radfeld.at\/?p=9533","title":{"rendered":"18.09.2022 Nothburgafest in Rattenberg, Franz Margreiter 25-j\u00e4hriges Diakonjubil\u00e4um (Fahnenabordnung)"},"content":{"rendered":"<p><!--more--><\/p>\n<p>&#8230;heute feierten wir das Nothburgafest in der Stadtpfarrkirche Rattenberg. Die Pfarre Rattenberg-Radfeld nahm zum Anlass unserem langj\u00e4hrigen <span style=\"color: #0000ff;\"><strong>Dakon Franz Margreiter&nbsp; zu seinem&nbsp; Silbernen Weihejubil\u00e4um<\/strong><\/span> zu gratulieren. Nach der Hl. Messe fand eine Agape im Messnerhaus statt.<\/p>\n<p>Die Radfelder Sch\u00fctzen folgten gerne der Einladung zu diesem Jubil\u00e4um von <span style=\"color: #0000ff;\"><strong>D<\/strong><strong><span style=\"color: #0000ff;\">i<\/span>akon<\/strong><\/span> <span style=\"color: #0000ff;\"><strong>Franz.<\/strong><\/span><\/p>\n\n\n<p>F\u00fcr die Sch\u00fctzenkompanie Radfeld waren F\u00e4hnrich Reinhold Winkler, Leutnant Robert Hintner und Kassier Ralph Joham dabei.<\/p>\n\n\n\n<p>Bilder Ortschronist Ing. Horst Duftner<\/p>\n\n\n\nngg_shortcode_0_placeholder\n","protected":false},"excerpt":{"rendered":"","protected":false},"author":2,"featured_media":0,"comment_status":"closed","ping_status":"closed","sticky":false,"template":"","format":"standard","meta":{"neve_meta_sidebar":"","neve_meta_container":"","neve_meta_enable_content_width":"","neve_meta_content_width":0,"neve_meta_title_alignment":"","neve_meta_author_avatar":"","neve_post_elements_order":"","neve_meta_disable_header":"","neve_meta_disable_footer":"","neve_meta_disable_title":"","ngg_post_thumbnail":0,"footnotes":""},"categories":[46],"tags":[],"class_list":["post-9533","post","type-post","status-publish","format-standard","hentry","category-rueckblick-2022"],"_links":{"self":[{"href":"https:\/\/www.schuetzen-radfeld.at\/index.php?rest_route=\/wp\/v2\/posts\/9533","targetHints":{"allow":["GET"]}}],"collection":[{"href":"https:\/\/www.schuetzen-radfeld.at\/index.php?rest_route=\/wp\/v2\/posts"}],"about":[{"href":"https:\/\/www.schuetzen-radfeld.at\/index.php?rest_route=\/wp\/v2\/types\/post"}],"author":[{"embeddable":true,"href":"https:\/\/www.schuetzen-radfeld.at\/index.php?rest_route=\/wp\/v2\/users\/2"}],"replies":[{"embeddable":true,"href":"https:\/\/www.schuetzen-radfeld.at\/index.php?rest_route=%2Fwp%2Fv2%2Fcomments&post=9533"}],"version-history":[{"count":12,"href":"https:\/\/www.schuetzen-radfeld.at\/index.php?rest_route=\/wp\/v2\/posts\/9533\/revisions"}],"predecessor-version":[{"id":9597,"href":"https:\/\/www.schuetzen-radfeld.at\/index.php?rest_route=\/wp\/v2\/posts\/9533\/revisions\/9597"}],"wp:attachment":[{"href":"https:\/\/www.schuetzen-radfeld.at\/index.php?rest_route=%2Fwp%2Fv2%2Fmedia&parent=9533"}],"wp:term":[{"taxonomy":"category","embeddable":true,"href":"https:\/\/www.schuetzen-radfeld.at\/index.php?rest_route=%2Fwp%2Fv2%2Fcategories&post=9533"},{"taxonomy":"post_tag","embeddable":true,"href":"https:\/\/www.schuetzen-radfeld.at\/index.php?rest_route=%2Fwp%2Fv2%2Ftags&post=9533"}],"curies":[{"name":"wp","href":"https:\/\/api.w.org\/{rel}","templated":true}]}}